{"id":4435,"date":"2025-01-13T17:28:16","date_gmt":"2025-01-13T20:28:16","guid":{"rendered":"https:\/\/luizvolpato.com\/?p=4435"},"modified":"2025-01-14T10:10:26","modified_gmt":"2025-01-14T13:10:26","slug":"luiz-volpato-arquiteto-responsavel-pela-concepcao-do-futuro-estadio-do-peixe-explica-alteracoes-da-chamada-terceira-versao-do-projeto-por-globo-esporte","status":"publish","type":"post","link":"https:\/\/luizvolpato.com\/es\/luiz-volpato-arquiteto-responsavel-pela-concepcao-do-futuro-estadio-do-peixe-explica-alteracoes-da-chamada-terceira-versao-do-projeto-por-globo-esporte\/","title":{"rendered":"\"Luiz Volpato, arquitecto responsable del dise\u00f1o del futuro estadio del Peixe, explica los cambios en la llamada \"tercera versi\u00f3n\" del proyecto...\" - Por Globo Esporte"},"content":{"rendered":"<figure class=\"wp-block-gallery has-nested-images columns-default is-cropped wp-block-gallery-1 is-layout-flex wp-block-gallery-is-layout-flex\">\n<figure class=\"wp-block-image size-large\"><img decoding=\"async\" width=\"1024\" height=\"1024\" data-id=\"4437\" data-src=\"https:\/\/luizvolpato.com\/wp-content\/uploads\/2025\/01\/rr-1024x1024.png\" alt=\"Captura de tela de um artigo esportivo sobre o projeto do novo est\u00e1dio do Santos. A manchete menciona assentos e cobertura reduzidos. H\u00e1 uma imagem a\u00e9rea do projeto proposto para o est\u00e1dio com um campo de futebol no centro. O artigo d\u00e1 cr\u00e9ditos a Luiz Volpato e menciona as mudan\u00e7as arquitet\u00f4nicas. - Luiz Volpato Arquitetura\" class=\"wp-image-4437 lazyload\" data-srcset=\"https:\/\/luizvolpato.com\/wp-content\/uploads\/2025\/01\/rr-1024x1024.png 1024w, https:\/\/luizvolpato.com\/wp-content\/uploads\/2025\/01\/rr-300x300.png 300w, https:\/\/luizvolpato.com\/wp-content\/uploads\/2025\/01\/rr-150x150.png 150w, https:\/\/luizvolpato.com\/wp-content\/uploads\/2025\/01\/rr-768x768.png 768w, https:\/\/luizvolpato.com\/wp-content\/uploads\/2025\/01\/rr-12x12.png 12w, https:\/\/luizvolpato.com\/wp-content\/uploads\/2025\/01\/rr.png 1080w\" data-sizes=\"(max-width: 1024px) 100vw, 1024px\" src=\"data:image\/svg+xml;base64,PHN2ZyB3aWR0aD0iMSIgaGVpZ2h0PSIxIiB4bWxucz0iaHR0cDovL3d3dy53My5vcmcvMjAwMC9zdmciPjwvc3ZnPg==\" style=\"--smush-placeholder-width: 1024px; --smush-placeholder-aspect-ratio: 1024\/1024;\" \/><\/figure>\n<\/figure>\n\n\n\n<p>El proyecto, firmado por el arquitecto Luiz Volpato, se encuentra actualmente en su tercera versi\u00f3n.&nbsp;<a class=\"\" href=\"https:\/\/ge.globo.com\/sp\/santos-e-regiao\/futebol\/times\/santos\/noticia\/2023\/09\/29\/nova-vila-belmiro-quanto-custa-quando-o-santos-joga-quem-banca-tire-duvidas-sobre-estadio.ghtml\">tiene una capacidad m\u00e1xima de 30.108 personas en una superficie construida de 71.000 metros cuadrados<\/a>.<\/p>\n\n\n\n<p>Seg\u00fan Volpato, el cambio m\u00e1s significativo es el del tejado de la Nueva Vila Belmiro. Por razones de viabilidad econ\u00f3mica, el Santos tuvo que aceptar la petici\u00f3n de una reducci\u00f3n en comparaci\u00f3n con la segunda versi\u00f3n. Ahora, todos los asientos estar\u00e1n cubiertos, pero el terreno de juego estar\u00e1 a la vista... <\/p>\n\n\n\n<p>Noticia completa: <\/p>\n\n\n\n<p><strong><a href=\"https:\/\/ge.globo.com\/sp\/santos-e-regiao\/futebol\/times\/santos\/noticia\/2024\/10\/09\/manutencao-das-cativas-e-cobertura-reduzida-veja-detalhes-do-projeto-da-nova-vila-do-santos.ghtml\">https:\/\/ge.globo.com\/sp\/santos-e-regiao\/futebol\/times\/santos\/noticia\/2024\/10\/09\/manutencao-das-cativas-e-cobertura-reduzida-veja-detalhes-do-projeto-da-nova-vila-do-santos.ght<\/a><a href=\"https:\/\/ge.globo.com\/sp\/santos-e-regiao\/futebol\/times\/santos\/noticia\/2024\/10\/09\/manutencao-das-cativas-e-cobertura-reduzida-veja-detalhes-do-projeto-da-nova-vila-do-santos.ghtml\" target=\"_blank\" rel=\"noreferrer noopener\">ml<\/a><\/strong><\/p>\n\n\n\n<p><\/p>","protected":false},"excerpt":{"rendered":"<p>Actualmente, el proyecto firmado por el arquitecto Luiz Volpato se encuentra en su tercera versi\u00f3n e incluye una capacidad m\u00e1xima para 30.108 personas en un \u00e1rea construida de 71.000 m\u00b2. Seg\u00fan Volpato, el cambio m\u00e1s significativo es el de la cubierta de la Nueva Vila Belmiro. Por una cuesti\u00f3n de viabilidad econ\u00f3mica, Santos tuvo que aceptar [...]<\/p>","protected":false},"author":6,"featured_media":4437,"comment_status":"open","ping_status":"open","sticky":false,"template":"","format":"standard","meta":{"_acf_changed":false,"footnotes":""},"categories":[1],"tags":[],"class_list":["post-4435","post","type-post","status-publish","format-standard","has-post-thumbnail","hentry","category-sem-categoria"],"acf":[],"yoast_head":"<!-- This site is optimized with the Yoast SEO plugin v25.4 - https:\/\/yoast.com\/wordpress\/plugins\/seo\/ -->\n<title>&quot;Luiz Volpato, arquiteto respons\u00e1vel pela concep\u00e7\u00e3o do futuro est\u00e1dio do Peixe, explica altera\u00e7\u00f5es da chamada &quot;terceira vers\u00e3o&quot; do projeto...&quot; - Por Globo Esporte - Luiz Volpato Arquitetura<\/title>\n<meta name=\"description\" content=\"Confira a entrevista de Luiz Volpato sobre a Nova Vila Belmiro, altera\u00e7\u00f5es da terceira vers\u00e3o do projeto. - Por Globo Esporte.\" \/>\n<meta name=\"robots\" content=\"index, follow, max-snippet:-1, max-image-preview:large, max-video-preview:-1\" \/>\n<link rel=\"canonical\" href=\"https:\/\/luizvolpato.com\/es\/luiz-volpato-arquiteto-responsavel-pela-concepcao-do-futuro-estadio-do-peixe-explica-alteracoes-da-chamada-terceira-versao-do-projeto-por-globo-esporte\/\" \/>\n<meta property=\"og:locale\" content=\"es_ES\" \/>\n<meta property=\"og:type\" content=\"article\" \/>\n<meta property=\"og:title\" content=\"&quot;Luiz Volpato, arquiteto respons\u00e1vel pela concep\u00e7\u00e3o do futuro est\u00e1dio do Peixe, explica altera\u00e7\u00f5es da chamada &quot;terceira vers\u00e3o&quot; do projeto...&quot; - Por Globo Esporte - Luiz Volpato Arquitetura\" \/>\n<meta property=\"og:description\" content=\"Confira a entrevista de Luiz Volpato sobre a Nova Vila Belmiro, altera\u00e7\u00f5es da terceira vers\u00e3o do projeto. - Por Globo Esporte.\" \/>\n<meta property=\"og:url\" content=\"https:\/\/luizvolpato.com\/es\/luiz-volpato-arquiteto-responsavel-pela-concepcao-do-futuro-estadio-do-peixe-explica-alteracoes-da-chamada-terceira-versao-do-projeto-por-globo-esporte\/\" \/>\n<meta property=\"og:site_name\" content=\"Luiz Volpato Arquitetura\" \/>\n<meta property=\"article:published_time\" content=\"2025-01-13T20:28:16+00:00\" \/>\n<meta property=\"article:modified_time\" content=\"2025-01-14T13:10:26+00:00\" \/>\n<meta property=\"og:image\" content=\"https:\/\/luizvolpato.com\/wp-content\/uploads\/2025\/01\/rr.png\" \/>\n\t<meta property=\"og:image:width\" content=\"1080\" \/>\n\t<meta property=\"og:image:height\" content=\"1080\" \/>\n\t<meta property=\"og:image:type\" content=\"image\/png\" \/>\n<meta name=\"author\" content=\"Midia LVArq\" \/>\n<meta name=\"twitter:card\" content=\"summary_large_image\" \/>\n<meta name=\"twitter:label1\" content=\"Escrito por\" \/>\n\t<meta name=\"twitter:data1\" content=\"Midia LVArq\" \/>\n\t<meta name=\"twitter:label2\" content=\"Tiempo de lectura\" \/>\n\t<meta name=\"twitter:data2\" content=\"1 minuto\" \/>\n<script type=\"application\/ld+json\" class=\"yoast-schema-graph\">{\"@context\":\"https:\/\/schema.org\",\"@graph\":[{\"@type\":\"WebPage\",\"@id\":\"https:\/\/luizvolpato.com\/luiz-volpato-arquiteto-responsavel-pela-concepcao-do-futuro-estadio-do-peixe-explica-alteracoes-da-chamada-terceira-versao-do-projeto-por-globo-esporte\/\",\"url\":\"https:\/\/luizvolpato.com\/luiz-volpato-arquiteto-responsavel-pela-concepcao-do-futuro-estadio-do-peixe-explica-alteracoes-da-chamada-terceira-versao-do-projeto-por-globo-esporte\/\",\"name\":\"\\\"Luiz Volpato, arquiteto respons\u00e1vel pela concep\u00e7\u00e3o do futuro est\u00e1dio do Peixe, explica altera\u00e7\u00f5es da chamada \\\"terceira vers\u00e3o\\\" do projeto...\\\" - Por Globo Esporte - Luiz Volpato Arquitetura\",\"isPartOf\":{\"@id\":\"https:\/\/luizvolpato.com\/#website\"},\"primaryImageOfPage\":{\"@id\":\"https:\/\/luizvolpato.com\/luiz-volpato-arquiteto-responsavel-pela-concepcao-do-futuro-estadio-do-peixe-explica-alteracoes-da-chamada-terceira-versao-do-projeto-por-globo-esporte\/#primaryimage\"},\"image\":{\"@id\":\"https:\/\/luizvolpato.com\/luiz-volpato-arquiteto-responsavel-pela-concepcao-do-futuro-estadio-do-peixe-explica-alteracoes-da-chamada-terceira-versao-do-projeto-por-globo-esporte\/#primaryimage\"},\"thumbnailUrl\":\"https:\/\/luizvolpato.com\/wp-content\/uploads\/2025\/01\/rr.png\",\"datePublished\":\"2025-01-13T20:28:16+00:00\",\"dateModified\":\"2025-01-14T13:10:26+00:00\",\"author\":{\"@id\":\"https:\/\/luizvolpato.com\/#\/schema\/person\/b7360306d98aafd274d143273904240c\"},\"description\":\"Confira a entrevista de Luiz Volpato sobre a Nova Vila Belmiro, altera\u00e7\u00f5es da terceira vers\u00e3o do projeto. - Por Globo Esporte.\",\"breadcrumb\":{\"@id\":\"https:\/\/luizvolpato.com\/luiz-volpato-arquiteto-responsavel-pela-concepcao-do-futuro-estadio-do-peixe-explica-alteracoes-da-chamada-terceira-versao-do-projeto-por-globo-esporte\/#breadcrumb\"},\"inLanguage\":\"es\",\"potentialAction\":[{\"@type\":\"ReadAction\",\"target\":[\"https:\/\/luizvolpato.com\/luiz-volpato-arquiteto-responsavel-pela-concepcao-do-futuro-estadio-do-peixe-explica-alteracoes-da-chamada-terceira-versao-do-projeto-por-globo-esporte\/\"]}]},{\"@type\":\"ImageObject\",\"inLanguage\":\"es\",\"@id\":\"https:\/\/luizvolpato.com\/luiz-volpato-arquiteto-responsavel-pela-concepcao-do-futuro-estadio-do-peixe-explica-alteracoes-da-chamada-terceira-versao-do-projeto-por-globo-esporte\/#primaryimage\",\"url\":\"https:\/\/luizvolpato.com\/wp-content\/uploads\/2025\/01\/rr.png\",\"contentUrl\":\"https:\/\/luizvolpato.com\/wp-content\/uploads\/2025\/01\/rr.png\",\"width\":1080,\"height\":1080,\"caption\":\"Captura de tela de um artigo esportivo sobre o projeto do novo est\u00e1dio do Santos. A manchete menciona assentos e cobertura reduzidos. H\u00e1 uma imagem a\u00e9rea do projeto proposto para o est\u00e1dio com um campo de futebol no centro. O artigo d\u00e1 cr\u00e9ditos a Luiz Volpato e menciona as mudan\u00e7as arquitet\u00f4nicas. - Luiz Volpato Arquitetura\"},{\"@type\":\"BreadcrumbList\",\"@id\":\"https:\/\/luizvolpato.com\/luiz-volpato-arquiteto-responsavel-pela-concepcao-do-futuro-estadio-do-peixe-explica-alteracoes-da-chamada-terceira-versao-do-projeto-por-globo-esporte\/#breadcrumb\",\"itemListElement\":[{\"@type\":\"ListItem\",\"position\":1,\"name\":\"In\u00edcio\",\"item\":\"https:\/\/luizvolpato.com\/\"},{\"@type\":\"ListItem\",\"position\":2,\"name\":\"&#8220;Luiz Volpato, arquiteto respons\u00e1vel pela concep\u00e7\u00e3o do futuro est\u00e1dio do Peixe, explica altera\u00e7\u00f5es da chamada &#8220;terceira vers\u00e3o&#8221; do projeto&#8230;&#8221; &#8211; Por Globo Esporte\"}]},{\"@type\":\"WebSite\",\"@id\":\"https:\/\/luizvolpato.com\/#website\",\"url\":\"https:\/\/luizvolpato.com\/\",\"name\":\"Luiz Volpato Arquitetura\",\"description\":\"\",\"potentialAction\":[{\"@type\":\"SearchAction\",\"target\":{\"@type\":\"EntryPoint\",\"urlTemplate\":\"https:\/\/luizvolpato.com\/?s={search_term_string}\"},\"query-input\":{\"@type\":\"PropertyValueSpecification\",\"valueRequired\":true,\"valueName\":\"search_term_string\"}}],\"inLanguage\":\"es\"},{\"@type\":\"Person\",\"@id\":\"https:\/\/luizvolpato.com\/#\/schema\/person\/b7360306d98aafd274d143273904240c\",\"name\":\"Midia LVArq\",\"image\":{\"@type\":\"ImageObject\",\"inLanguage\":\"es\",\"@id\":\"https:\/\/luizvolpato.com\/#\/schema\/person\/image\/\",\"url\":\"https:\/\/secure.gravatar.com\/avatar\/05a48b3795c07ab201a01968727560149bfbea42f991929edd860d5c666bf24a?s=96&d=mm&r=g\",\"contentUrl\":\"https:\/\/secure.gravatar.com\/avatar\/05a48b3795c07ab201a01968727560149bfbea42f991929edd860d5c666bf24a?s=96&d=mm&r=g\",\"caption\":\"Midia LVArq\"}}]}<\/script>\n<!-- \/ Yoast SEO plugin. -->","yoast_head_json":{"title":"\"Luiz Volpato, arquiteto respons\u00e1vel pela concep\u00e7\u00e3o do futuro est\u00e1dio do Peixe, explica altera\u00e7\u00f5es da chamada \"terceira vers\u00e3o\" do projeto...\" - Por Globo Esporte - Luiz Volpato Arquitetura","description":"Confira a entrevista de Luiz Volpato sobre a Nova Vila Belmiro, altera\u00e7\u00f5es da terceira vers\u00e3o do projeto. - Por Globo Esporte.","robots":{"index":"index","follow":"follow","max-snippet":"max-snippet:-1","max-image-preview":"max-image-preview:large","max-video-preview":"max-video-preview:-1"},"canonical":"https:\/\/luizvolpato.com\/es\/luiz-volpato-arquiteto-responsavel-pela-concepcao-do-futuro-estadio-do-peixe-explica-alteracoes-da-chamada-terceira-versao-do-projeto-por-globo-esporte\/","og_locale":"es_ES","og_type":"article","og_title":"\"Luiz Volpato, arquiteto respons\u00e1vel pela concep\u00e7\u00e3o do futuro est\u00e1dio do Peixe, explica altera\u00e7\u00f5es da chamada \"terceira vers\u00e3o\" do projeto...\" - Por Globo Esporte - Luiz Volpato Arquitetura","og_description":"Confira a entrevista de Luiz Volpato sobre a Nova Vila Belmiro, altera\u00e7\u00f5es da terceira vers\u00e3o do projeto. - Por Globo Esporte.","og_url":"https:\/\/luizvolpato.com\/es\/luiz-volpato-arquiteto-responsavel-pela-concepcao-do-futuro-estadio-do-peixe-explica-alteracoes-da-chamada-terceira-versao-do-projeto-por-globo-esporte\/","og_site_name":"Luiz Volpato Arquitetura","article_published_time":"2025-01-13T20:28:16+00:00","article_modified_time":"2025-01-14T13:10:26+00:00","og_image":[{"width":1080,"height":1080,"url":"https:\/\/luizvolpato.com\/wp-content\/uploads\/2025\/01\/rr.png","type":"image\/png"}],"author":"Midia LVArq","twitter_card":"summary_large_image","twitter_misc":{"Escrito por":"Midia LVArq","Tiempo de lectura":"1 minuto"},"schema":{"@context":"https:\/\/schema.org","@graph":[{"@type":"WebPage","@id":"https:\/\/luizvolpato.com\/luiz-volpato-arquiteto-responsavel-pela-concepcao-do-futuro-estadio-do-peixe-explica-alteracoes-da-chamada-terceira-versao-do-projeto-por-globo-esporte\/","url":"https:\/\/luizvolpato.com\/luiz-volpato-arquiteto-responsavel-pela-concepcao-do-futuro-estadio-do-peixe-explica-alteracoes-da-chamada-terceira-versao-do-projeto-por-globo-esporte\/","name":"\"Luiz Volpato, arquiteto respons\u00e1vel pela concep\u00e7\u00e3o do futuro est\u00e1dio do Peixe, explica altera\u00e7\u00f5es da chamada \"terceira vers\u00e3o\" do projeto...\" - Por Globo Esporte - Luiz Volpato Arquitetura","isPartOf":{"@id":"https:\/\/luizvolpato.com\/#website"},"primaryImageOfPage":{"@id":"https:\/\/luizvolpato.com\/luiz-volpato-arquiteto-responsavel-pela-concepcao-do-futuro-estadio-do-peixe-explica-alteracoes-da-chamada-terceira-versao-do-projeto-por-globo-esporte\/#primaryimage"},"image":{"@id":"https:\/\/luizvolpato.com\/luiz-volpato-arquiteto-responsavel-pela-concepcao-do-futuro-estadio-do-peixe-explica-alteracoes-da-chamada-terceira-versao-do-projeto-por-globo-esporte\/#primaryimage"},"thumbnailUrl":"https:\/\/luizvolpato.com\/wp-content\/uploads\/2025\/01\/rr.png","datePublished":"2025-01-13T20:28:16+00:00","dateModified":"2025-01-14T13:10:26+00:00","author":{"@id":"https:\/\/luizvolpato.com\/#\/schema\/person\/b7360306d98aafd274d143273904240c"},"description":"Confira a entrevista de Luiz Volpato sobre a Nova Vila Belmiro, altera\u00e7\u00f5es da terceira vers\u00e3o do projeto. - Por Globo Esporte.","breadcrumb":{"@id":"https:\/\/luizvolpato.com\/luiz-volpato-arquiteto-responsavel-pela-concepcao-do-futuro-estadio-do-peixe-explica-alteracoes-da-chamada-terceira-versao-do-projeto-por-globo-esporte\/#breadcrumb"},"inLanguage":"es","potentialAction":[{"@type":"ReadAction","target":["https:\/\/luizvolpato.com\/luiz-volpato-arquiteto-responsavel-pela-concepcao-do-futuro-estadio-do-peixe-explica-alteracoes-da-chamada-terceira-versao-do-projeto-por-globo-esporte\/"]}]},{"@type":"ImageObject","inLanguage":"es","@id":"https:\/\/luizvolpato.com\/luiz-volpato-arquiteto-responsavel-pela-concepcao-do-futuro-estadio-do-peixe-explica-alteracoes-da-chamada-terceira-versao-do-projeto-por-globo-esporte\/#primaryimage","url":"https:\/\/luizvolpato.com\/wp-content\/uploads\/2025\/01\/rr.png","contentUrl":"https:\/\/luizvolpato.com\/wp-content\/uploads\/2025\/01\/rr.png","width":1080,"height":1080,"caption":"Captura de tela de um artigo esportivo sobre o projeto do novo est\u00e1dio do Santos. A manchete menciona assentos e cobertura reduzidos. H\u00e1 uma imagem a\u00e9rea do projeto proposto para o est\u00e1dio com um campo de futebol no centro. O artigo d\u00e1 cr\u00e9ditos a Luiz Volpato e menciona as mudan\u00e7as arquitet\u00f4nicas. - Luiz Volpato Arquitetura"},{"@type":"BreadcrumbList","@id":"https:\/\/luizvolpato.com\/luiz-volpato-arquiteto-responsavel-pela-concepcao-do-futuro-estadio-do-peixe-explica-alteracoes-da-chamada-terceira-versao-do-projeto-por-globo-esporte\/#breadcrumb","itemListElement":[{"@type":"ListItem","position":1,"name":"In\u00edcio","item":"https:\/\/luizvolpato.com\/"},{"@type":"ListItem","position":2,"name":"&#8220;Luiz Volpato, arquiteto respons\u00e1vel pela concep\u00e7\u00e3o do futuro est\u00e1dio do Peixe, explica altera\u00e7\u00f5es da chamada &#8220;terceira vers\u00e3o&#8221; do projeto&#8230;&#8221; &#8211; Por Globo Esporte"}]},{"@type":"WebSite","@id":"https:\/\/luizvolpato.com\/#website","url":"https:\/\/luizvolpato.com\/","name":"Luiz Volpato Arquitetura","description":"","potentialAction":[{"@type":"SearchAction","target":{"@type":"EntryPoint","urlTemplate":"https:\/\/luizvolpato.com\/?s={search_term_string}"},"query-input":{"@type":"PropertyValueSpecification","valueRequired":true,"valueName":"search_term_string"}}],"inLanguage":"es"},{"@type":"Person","@id":"https:\/\/luizvolpato.com\/#\/schema\/person\/b7360306d98aafd274d143273904240c","name":"Midia LVArq","image":{"@type":"ImageObject","inLanguage":"es","@id":"https:\/\/luizvolpato.com\/#\/schema\/person\/image\/","url":"https:\/\/secure.gravatar.com\/avatar\/05a48b3795c07ab201a01968727560149bfbea42f991929edd860d5c666bf24a?s=96&d=mm&r=g","contentUrl":"https:\/\/secure.gravatar.com\/avatar\/05a48b3795c07ab201a01968727560149bfbea42f991929edd860d5c666bf24a?s=96&d=mm&r=g","caption":"Midia LVArq"}}]}},"_links":{"self":[{"href":"https:\/\/luizvolpato.com\/es\/wp-json\/wp\/v2\/posts\/4435","targetHints":{"allow":["GET"]}}],"collection":[{"href":"https:\/\/luizvolpato.com\/es\/wp-json\/wp\/v2\/posts"}],"about":[{"href":"https:\/\/luizvolpato.com\/es\/wp-json\/wp\/v2\/types\/post"}],"author":[{"embeddable":true,"href":"https:\/\/luizvolpato.com\/es\/wp-json\/wp\/v2\/users\/6"}],"replies":[{"embeddable":true,"href":"https:\/\/luizvolpato.com\/es\/wp-json\/wp\/v2\/comments?post=4435"}],"version-history":[{"count":2,"href":"https:\/\/luizvolpato.com\/es\/wp-json\/wp\/v2\/posts\/4435\/revisions"}],"predecessor-version":[{"id":4461,"href":"https:\/\/luizvolpato.com\/es\/wp-json\/wp\/v2\/posts\/4435\/revisions\/4461"}],"wp:featuredmedia":[{"embeddable":true,"href":"https:\/\/luizvolpato.com\/es\/wp-json\/wp\/v2\/media\/4437"}],"wp:attachment":[{"href":"https:\/\/luizvolpato.com\/es\/wp-json\/wp\/v2\/media?parent=4435"}],"wp:term":[{"taxonomy":"category","embeddable":true,"href":"https:\/\/luizvolpato.com\/es\/wp-json\/wp\/v2\/categories?post=4435"},{"taxonomy":"post_tag","embeddable":true,"href":"https:\/\/luizvolpato.com\/es\/wp-json\/wp\/v2\/tags?post=4435"}],"curies":[{"name":"wp","href":"https:\/\/api.w.org\/{rel}","templated":true}]}}