{"id":4417,"date":"2025-01-13T14:09:14","date_gmt":"2025-01-13T17:09:14","guid":{"rendered":"https:\/\/luizvolpato.com\/?p=4417"},"modified":"2025-01-14T10:42:35","modified_gmt":"2025-01-14T13:42:35","slug":"para-aproveitar-ainda-melhor-a-incidencia-de-luz-natural-os-arquitetos-do-escritorio-luiz-volpato-arquitetura-decidiram-soltar-a-casa-do-chao-por-haus","status":"publish","type":"post","link":"https:\/\/luizvolpato.com\/es\/para-aproveitar-ainda-melhor-a-incidencia-de-luz-natural-os-arquitetos-do-escritorio-luiz-volpato-arquitetura-decidiram-soltar-a-casa-do-chao-por-haus\/","title":{"rendered":"\"Para aprovechar a\u00fan mejor la luz natural, los arquitectos de Luiz Volpato Arquitetura decidieron dejar que la casa se despegara del suelo...\" - Por Haus"},"content":{"rendered":"<figure class=\"wp-block-gallery has-nested-images columns-default is-cropped wp-block-gallery-1 is-layout-flex wp-block-gallery-is-layout-flex\">\n<figure class=\"wp-block-image size-large\"><img decoding=\"async\" data-id=\"4418\" data-src=\"https:\/\/luizvolpato.com\/wp-content\/uploads\/2025\/01\/hauscb-1024x763.jpg\" alt=\"\" class=\"wp-image-4418 lazyload\" src=\"data:image\/svg+xml;base64,PHN2ZyB3aWR0aD0iMSIgaGVpZ2h0PSIxIiB4bWxucz0iaHR0cDovL3d3dy53My5vcmcvMjAwMC9zdmciPjwvc3ZnPg==\" style=\"--smush-placeholder-width: 1024px; --smush-placeholder-aspect-ratio: 1024\/763;\" \/><\/figure>\n<\/figure>\n\n\n\n<p>Para aprovechar al m\u00e1ximo la luz natural, los arquitectos de Luiz Volpato Arquitetura decidieron levantar la casa del suelo y crear un gran espacio de doble altura para incorporar la exuberancia del paisaje exterior al interior de la casa. Las aberturas se colocaron en funci\u00f3n de la orientaci\u00f3n solar y tambi\u00e9n permiten la ventilaci\u00f3n cruzada, favoreciendo el confort t\u00e9rmico sin necesidad de aire acondicionado...<\/p>\n\n\n\n<p>Noticia completa: <\/p>\n\n\n\n<p><strong><a href=\"https:\/\/revistahaus.com.br\/haus\/arquitetura\/primavera-5-ambientes-para-inspirar-o-decor-na-estacao\/\" target=\"_blank\" rel=\"noreferrer noopener\">https:\/\/revistahaus.com.br\/haus\/arquitetura\/primavera-5-ambientes-para-inspirar-o-decor-na-estacao\/<\/a><\/strong><\/p>\n\n\n\n<p><\/p>","protected":false},"excerpt":{"rendered":"<p>Para aprovechar a\u00fan mejor la luz natural, los arquitectos de Luiz Volpato Arquitetura decidieron levantar la casa del suelo y, en el interior, crear un gran espacio de doble altura para incorporar la exuberancia del paisaje exterior al interior de la casa. Las aberturas se colocaron de acuerdo con la orientaci\u00f3n solar y tambi\u00e9n permiten [...]<\/p>","protected":false},"author":6,"featured_media":4418,"comment_status":"open","ping_status":"open","sticky":false,"template":"","format":"standard","meta":{"_acf_changed":false,"footnotes":""},"categories":[1],"tags":[],"class_list":["post-4417","post","type-post","status-publish","format-standard","has-post-thumbnail","hentry","category-sem-categoria"],"acf":[],"yoast_head":"<!-- This site is optimized with the Yoast SEO plugin v25.4 - https:\/\/yoast.com\/wordpress\/plugins\/seo\/ -->\n<title>&quot;Para aproveitar ainda melhor a incid\u00eancia de luz natural, os arquitetos do escrit\u00f3rio Luiz Volpato Arquitetura decidiram soltar a casa do ch\u00e3o...&quot; - Por Haus - Luiz Volpato Arquitetura<\/title>\n<meta name=\"description\" content=\"O projeto arquitet\u00f4nico de Luiz Volpato Arquitetura, a Casa B\u00fcrgel, dentre as &quot;Inspira\u00e7\u00f5es na Primavera&quot;, por Haus - Arquitetura e Decora\u00e7\u00e3o.\" \/>\n<meta name=\"robots\" content=\"index, follow, max-snippet:-1, max-image-preview:large, max-video-preview:-1\" \/>\n<link rel=\"canonical\" href=\"https:\/\/luizvolpato.com\/es\/para-aproveitar-ainda-melhor-a-incidencia-de-luz-natural-os-arquitetos-do-escritorio-luiz-volpato-arquitetura-decidiram-soltar-a-casa-do-chao-por-haus\/\" \/>\n<meta property=\"og:locale\" content=\"es_ES\" \/>\n<meta property=\"og:type\" content=\"article\" \/>\n<meta property=\"og:title\" content=\"&quot;Para aproveitar ainda melhor a incid\u00eancia de luz natural, os arquitetos do escrit\u00f3rio Luiz Volpato Arquitetura decidiram soltar a casa do ch\u00e3o...&quot; - Por Haus - Luiz Volpato Arquitetura\" \/>\n<meta property=\"og:description\" content=\"O projeto arquitet\u00f4nico de Luiz Volpato Arquitetura, a Casa B\u00fcrgel, dentre as &quot;Inspira\u00e7\u00f5es na Primavera&quot;, por Haus - Arquitetura e Decora\u00e7\u00e3o.\" \/>\n<meta property=\"og:url\" content=\"https:\/\/luizvolpato.com\/es\/para-aproveitar-ainda-melhor-a-incidencia-de-luz-natural-os-arquitetos-do-escritorio-luiz-volpato-arquitetura-decidiram-soltar-a-casa-do-chao-por-haus\/\" \/>\n<meta property=\"og:site_name\" content=\"Luiz Volpato Arquitetura\" \/>\n<meta property=\"article:published_time\" content=\"2025-01-13T17:09:14+00:00\" \/>\n<meta property=\"article:modified_time\" content=\"2025-01-14T13:42:35+00:00\" \/>\n<meta property=\"og:image\" content=\"https:\/\/luizvolpato.com\/wp-content\/uploads\/2025\/01\/hauscb-e1736788101191.jpg\" \/>\n\t<meta property=\"og:image:width\" content=\"1124\" \/>\n\t<meta property=\"og:image:height\" content=\"696\" \/>\n\t<meta property=\"og:image:type\" content=\"image\/jpeg\" \/>\n<meta name=\"author\" content=\"Midia LVArq\" \/>\n<meta name=\"twitter:card\" content=\"summary_large_image\" \/>\n<meta name=\"twitter:label1\" content=\"Escrito por\" \/>\n\t<meta name=\"twitter:data1\" content=\"Midia LVArq\" \/>\n\t<meta name=\"twitter:label2\" content=\"Tiempo de lectura\" \/>\n\t<meta name=\"twitter:data2\" content=\"1 minuto\" \/>\n<script type=\"application\/ld+json\" class=\"yoast-schema-graph\">{\"@context\":\"https:\/\/schema.org\",\"@graph\":[{\"@type\":\"WebPage\",\"@id\":\"https:\/\/luizvolpato.com\/para-aproveitar-ainda-melhor-a-incidencia-de-luz-natural-os-arquitetos-do-escritorio-luiz-volpato-arquitetura-decidiram-soltar-a-casa-do-chao-por-haus\/\",\"url\":\"https:\/\/luizvolpato.com\/para-aproveitar-ainda-melhor-a-incidencia-de-luz-natural-os-arquitetos-do-escritorio-luiz-volpato-arquitetura-decidiram-soltar-a-casa-do-chao-por-haus\/\",\"name\":\"\\\"Para aproveitar ainda melhor a incid\u00eancia de luz natural, os arquitetos do escrit\u00f3rio Luiz Volpato Arquitetura decidiram soltar a casa do ch\u00e3o...\\\" - Por Haus - Luiz Volpato Arquitetura\",\"isPartOf\":{\"@id\":\"https:\/\/luizvolpato.com\/#website\"},\"primaryImageOfPage\":{\"@id\":\"https:\/\/luizvolpato.com\/para-aproveitar-ainda-melhor-a-incidencia-de-luz-natural-os-arquitetos-do-escritorio-luiz-volpato-arquitetura-decidiram-soltar-a-casa-do-chao-por-haus\/#primaryimage\"},\"image\":{\"@id\":\"https:\/\/luizvolpato.com\/para-aproveitar-ainda-melhor-a-incidencia-de-luz-natural-os-arquitetos-do-escritorio-luiz-volpato-arquitetura-decidiram-soltar-a-casa-do-chao-por-haus\/#primaryimage\"},\"thumbnailUrl\":\"https:\/\/luizvolpato.com\/wp-content\/uploads\/2025\/01\/hauscb-e1736788101191.jpg\",\"datePublished\":\"2025-01-13T17:09:14+00:00\",\"dateModified\":\"2025-01-14T13:42:35+00:00\",\"author\":{\"@id\":\"https:\/\/luizvolpato.com\/#\/schema\/person\/b7360306d98aafd274d143273904240c\"},\"description\":\"O projeto arquitet\u00f4nico de Luiz Volpato Arquitetura, a Casa B\u00fcrgel, dentre as \\\"Inspira\u00e7\u00f5es na Primavera\\\", por Haus - Arquitetura e Decora\u00e7\u00e3o.\",\"breadcrumb\":{\"@id\":\"https:\/\/luizvolpato.com\/para-aproveitar-ainda-melhor-a-incidencia-de-luz-natural-os-arquitetos-do-escritorio-luiz-volpato-arquitetura-decidiram-soltar-a-casa-do-chao-por-haus\/#breadcrumb\"},\"inLanguage\":\"es\",\"potentialAction\":[{\"@type\":\"ReadAction\",\"target\":[\"https:\/\/luizvolpato.com\/para-aproveitar-ainda-melhor-a-incidencia-de-luz-natural-os-arquitetos-do-escritorio-luiz-volpato-arquitetura-decidiram-soltar-a-casa-do-chao-por-haus\/\"]}]},{\"@type\":\"ImageObject\",\"inLanguage\":\"es\",\"@id\":\"https:\/\/luizvolpato.com\/para-aproveitar-ainda-melhor-a-incidencia-de-luz-natural-os-arquitetos-do-escritorio-luiz-volpato-arquitetura-decidiram-soltar-a-casa-do-chao-por-haus\/#primaryimage\",\"url\":\"https:\/\/luizvolpato.com\/wp-content\/uploads\/2025\/01\/hauscb-e1736788101191.jpg\",\"contentUrl\":\"https:\/\/luizvolpato.com\/wp-content\/uploads\/2025\/01\/hauscb-e1736788101191.jpg\",\"width\":1124,\"height\":696,\"caption\":\"Um espa\u00e7o de estar moderno em plano aberto com grandes janelas de vidro e um mezanino. A sala tem um sof\u00e1 de cor escura, m\u00f3veis de madeira e plantas de interior. A luz natural inunda a sala das paredes de vidro, proporcionando uma vista para um jardim. Uma escada leva ao andar superior. - Luiz Volpato Arquitetura\"},{\"@type\":\"BreadcrumbList\",\"@id\":\"https:\/\/luizvolpato.com\/para-aproveitar-ainda-melhor-a-incidencia-de-luz-natural-os-arquitetos-do-escritorio-luiz-volpato-arquitetura-decidiram-soltar-a-casa-do-chao-por-haus\/#breadcrumb\",\"itemListElement\":[{\"@type\":\"ListItem\",\"position\":1,\"name\":\"In\u00edcio\",\"item\":\"https:\/\/luizvolpato.com\/\"},{\"@type\":\"ListItem\",\"position\":2,\"name\":\"&#8220;Para aproveitar ainda melhor a incid\u00eancia de luz natural, os arquitetos do escrit\u00f3rio Luiz Volpato Arquitetura decidiram soltar a casa do ch\u00e3o&#8230;&#8221; &#8211; Por Haus\"}]},{\"@type\":\"WebSite\",\"@id\":\"https:\/\/luizvolpato.com\/#website\",\"url\":\"https:\/\/luizvolpato.com\/\",\"name\":\"Luiz Volpato Arquitetura\",\"description\":\"\",\"potentialAction\":[{\"@type\":\"SearchAction\",\"target\":{\"@type\":\"EntryPoint\",\"urlTemplate\":\"https:\/\/luizvolpato.com\/?s={search_term_string}\"},\"query-input\":{\"@type\":\"PropertyValueSpecification\",\"valueRequired\":true,\"valueName\":\"search_term_string\"}}],\"inLanguage\":\"es\"},{\"@type\":\"Person\",\"@id\":\"https:\/\/luizvolpato.com\/#\/schema\/person\/b7360306d98aafd274d143273904240c\",\"name\":\"Midia LVArq\",\"image\":{\"@type\":\"ImageObject\",\"inLanguage\":\"es\",\"@id\":\"https:\/\/luizvolpato.com\/#\/schema\/person\/image\/\",\"url\":\"https:\/\/secure.gravatar.com\/avatar\/05a48b3795c07ab201a01968727560149bfbea42f991929edd860d5c666bf24a?s=96&d=mm&r=g\",\"contentUrl\":\"https:\/\/secure.gravatar.com\/avatar\/05a48b3795c07ab201a01968727560149bfbea42f991929edd860d5c666bf24a?s=96&d=mm&r=g\",\"caption\":\"Midia LVArq\"}}]}<\/script>\n<!-- \/ Yoast SEO plugin. -->","yoast_head_json":{"title":"\"Para aproveitar ainda melhor a incid\u00eancia de luz natural, os arquitetos do escrit\u00f3rio Luiz Volpato Arquitetura decidiram soltar a casa do ch\u00e3o...\" - Por Haus - Luiz Volpato Arquitetura","description":"O projeto arquitet\u00f4nico de Luiz Volpato Arquitetura, a Casa B\u00fcrgel, dentre as \"Inspira\u00e7\u00f5es na Primavera\", por Haus - Arquitetura e Decora\u00e7\u00e3o.","robots":{"index":"index","follow":"follow","max-snippet":"max-snippet:-1","max-image-preview":"max-image-preview:large","max-video-preview":"max-video-preview:-1"},"canonical":"https:\/\/luizvolpato.com\/es\/para-aproveitar-ainda-melhor-a-incidencia-de-luz-natural-os-arquitetos-do-escritorio-luiz-volpato-arquitetura-decidiram-soltar-a-casa-do-chao-por-haus\/","og_locale":"es_ES","og_type":"article","og_title":"\"Para aproveitar ainda melhor a incid\u00eancia de luz natural, os arquitetos do escrit\u00f3rio Luiz Volpato Arquitetura decidiram soltar a casa do ch\u00e3o...\" - Por Haus - Luiz Volpato Arquitetura","og_description":"O projeto arquitet\u00f4nico de Luiz Volpato Arquitetura, a Casa B\u00fcrgel, dentre as \"Inspira\u00e7\u00f5es na Primavera\", por Haus - Arquitetura e Decora\u00e7\u00e3o.","og_url":"https:\/\/luizvolpato.com\/es\/para-aproveitar-ainda-melhor-a-incidencia-de-luz-natural-os-arquitetos-do-escritorio-luiz-volpato-arquitetura-decidiram-soltar-a-casa-do-chao-por-haus\/","og_site_name":"Luiz Volpato Arquitetura","article_published_time":"2025-01-13T17:09:14+00:00","article_modified_time":"2025-01-14T13:42:35+00:00","og_image":[{"width":1124,"height":696,"url":"https:\/\/luizvolpato.com\/wp-content\/uploads\/2025\/01\/hauscb-e1736788101191.jpg","type":"image\/jpeg"}],"author":"Midia LVArq","twitter_card":"summary_large_image","twitter_misc":{"Escrito por":"Midia LVArq","Tiempo de lectura":"1 minuto"},"schema":{"@context":"https:\/\/schema.org","@graph":[{"@type":"WebPage","@id":"https:\/\/luizvolpato.com\/para-aproveitar-ainda-melhor-a-incidencia-de-luz-natural-os-arquitetos-do-escritorio-luiz-volpato-arquitetura-decidiram-soltar-a-casa-do-chao-por-haus\/","url":"https:\/\/luizvolpato.com\/para-aproveitar-ainda-melhor-a-incidencia-de-luz-natural-os-arquitetos-do-escritorio-luiz-volpato-arquitetura-decidiram-soltar-a-casa-do-chao-por-haus\/","name":"\"Para aproveitar ainda melhor a incid\u00eancia de luz natural, os arquitetos do escrit\u00f3rio Luiz Volpato Arquitetura decidiram soltar a casa do ch\u00e3o...\" - Por Haus - Luiz Volpato Arquitetura","isPartOf":{"@id":"https:\/\/luizvolpato.com\/#website"},"primaryImageOfPage":{"@id":"https:\/\/luizvolpato.com\/para-aproveitar-ainda-melhor-a-incidencia-de-luz-natural-os-arquitetos-do-escritorio-luiz-volpato-arquitetura-decidiram-soltar-a-casa-do-chao-por-haus\/#primaryimage"},"image":{"@id":"https:\/\/luizvolpato.com\/para-aproveitar-ainda-melhor-a-incidencia-de-luz-natural-os-arquitetos-do-escritorio-luiz-volpato-arquitetura-decidiram-soltar-a-casa-do-chao-por-haus\/#primaryimage"},"thumbnailUrl":"https:\/\/luizvolpato.com\/wp-content\/uploads\/2025\/01\/hauscb-e1736788101191.jpg","datePublished":"2025-01-13T17:09:14+00:00","dateModified":"2025-01-14T13:42:35+00:00","author":{"@id":"https:\/\/luizvolpato.com\/#\/schema\/person\/b7360306d98aafd274d143273904240c"},"description":"O projeto arquitet\u00f4nico de Luiz Volpato Arquitetura, a Casa B\u00fcrgel, dentre as \"Inspira\u00e7\u00f5es na Primavera\", por Haus - Arquitetura e Decora\u00e7\u00e3o.","breadcrumb":{"@id":"https:\/\/luizvolpato.com\/para-aproveitar-ainda-melhor-a-incidencia-de-luz-natural-os-arquitetos-do-escritorio-luiz-volpato-arquitetura-decidiram-soltar-a-casa-do-chao-por-haus\/#breadcrumb"},"inLanguage":"es","potentialAction":[{"@type":"ReadAction","target":["https:\/\/luizvolpato.com\/para-aproveitar-ainda-melhor-a-incidencia-de-luz-natural-os-arquitetos-do-escritorio-luiz-volpato-arquitetura-decidiram-soltar-a-casa-do-chao-por-haus\/"]}]},{"@type":"ImageObject","inLanguage":"es","@id":"https:\/\/luizvolpato.com\/para-aproveitar-ainda-melhor-a-incidencia-de-luz-natural-os-arquitetos-do-escritorio-luiz-volpato-arquitetura-decidiram-soltar-a-casa-do-chao-por-haus\/#primaryimage","url":"https:\/\/luizvolpato.com\/wp-content\/uploads\/2025\/01\/hauscb-e1736788101191.jpg","contentUrl":"https:\/\/luizvolpato.com\/wp-content\/uploads\/2025\/01\/hauscb-e1736788101191.jpg","width":1124,"height":696,"caption":"Um espa\u00e7o de estar moderno em plano aberto com grandes janelas de vidro e um mezanino. A sala tem um sof\u00e1 de cor escura, m\u00f3veis de madeira e plantas de interior. A luz natural inunda a sala das paredes de vidro, proporcionando uma vista para um jardim. Uma escada leva ao andar superior. - Luiz Volpato Arquitetura"},{"@type":"BreadcrumbList","@id":"https:\/\/luizvolpato.com\/para-aproveitar-ainda-melhor-a-incidencia-de-luz-natural-os-arquitetos-do-escritorio-luiz-volpato-arquitetura-decidiram-soltar-a-casa-do-chao-por-haus\/#breadcrumb","itemListElement":[{"@type":"ListItem","position":1,"name":"In\u00edcio","item":"https:\/\/luizvolpato.com\/"},{"@type":"ListItem","position":2,"name":"&#8220;Para aproveitar ainda melhor a incid\u00eancia de luz natural, os arquitetos do escrit\u00f3rio Luiz Volpato Arquitetura decidiram soltar a casa do ch\u00e3o&#8230;&#8221; &#8211; Por Haus"}]},{"@type":"WebSite","@id":"https:\/\/luizvolpato.com\/#website","url":"https:\/\/luizvolpato.com\/","name":"Luiz Volpato Arquitetura","description":"","potentialAction":[{"@type":"SearchAction","target":{"@type":"EntryPoint","urlTemplate":"https:\/\/luizvolpato.com\/?s={search_term_string}"},"query-input":{"@type":"PropertyValueSpecification","valueRequired":true,"valueName":"search_term_string"}}],"inLanguage":"es"},{"@type":"Person","@id":"https:\/\/luizvolpato.com\/#\/schema\/person\/b7360306d98aafd274d143273904240c","name":"Midia LVArq","image":{"@type":"ImageObject","inLanguage":"es","@id":"https:\/\/luizvolpato.com\/#\/schema\/person\/image\/","url":"https:\/\/secure.gravatar.com\/avatar\/05a48b3795c07ab201a01968727560149bfbea42f991929edd860d5c666bf24a?s=96&d=mm&r=g","contentUrl":"https:\/\/secure.gravatar.com\/avatar\/05a48b3795c07ab201a01968727560149bfbea42f991929edd860d5c666bf24a?s=96&d=mm&r=g","caption":"Midia LVArq"}}]}},"_links":{"self":[{"href":"https:\/\/luizvolpato.com\/es\/wp-json\/wp\/v2\/posts\/4417","targetHints":{"allow":["GET"]}}],"collection":[{"href":"https:\/\/luizvolpato.com\/es\/wp-json\/wp\/v2\/posts"}],"about":[{"href":"https:\/\/luizvolpato.com\/es\/wp-json\/wp\/v2\/types\/post"}],"author":[{"embeddable":true,"href":"https:\/\/luizvolpato.com\/es\/wp-json\/wp\/v2\/users\/6"}],"replies":[{"embeddable":true,"href":"https:\/\/luizvolpato.com\/es\/wp-json\/wp\/v2\/comments?post=4417"}],"version-history":[{"count":3,"href":"https:\/\/luizvolpato.com\/es\/wp-json\/wp\/v2\/posts\/4417\/revisions"}],"predecessor-version":[{"id":4467,"href":"https:\/\/luizvolpato.com\/es\/wp-json\/wp\/v2\/posts\/4417\/revisions\/4467"}],"wp:featuredmedia":[{"embeddable":true,"href":"https:\/\/luizvolpato.com\/es\/wp-json\/wp\/v2\/media\/4418"}],"wp:attachment":[{"href":"https:\/\/luizvolpato.com\/es\/wp-json\/wp\/v2\/media?parent=4417"}],"wp:term":[{"taxonomy":"category","embeddable":true,"href":"https:\/\/luizvolpato.com\/es\/wp-json\/wp\/v2\/categories?post=4417"},{"taxonomy":"post_tag","embeddable":true,"href":"https:\/\/luizvolpato.com\/es\/wp-json\/wp\/v2\/tags?post=4417"}],"curies":[{"name":"wp","href":"https:\/\/api.w.org\/{rel}","templated":true}]}}