{"id":4414,"date":"2025-01-13T11:39:56","date_gmt":"2025-01-13T14:39:56","guid":{"rendered":"https:\/\/luizvolpato.com\/?p=4414"},"modified":"2025-01-14T10:43:16","modified_gmt":"2025-01-14T13:43:16","slug":"o-arquiteto-responsavel-pelo-projeto-da-nova-vila-belmiro-luiz-volpato-participou-de-uma-live-exclusiva-no-canal-diario-do-peixe-por-guilherme-lesnok","status":"publish","type":"post","link":"https:\/\/luizvolpato.com\/es\/o-arquiteto-responsavel-pelo-projeto-da-nova-vila-belmiro-luiz-volpato-participou-de-uma-live-exclusiva-no-canal-diario-do-peixe-por-guilherme-lesnok\/","title":{"rendered":"\"El arquitecto responsable del proyecto de la Nueva Vila Belmiro, Luiz Volpato, particip\u00f3 en una exclusiva en directo en el canal Di\u00e1rio do Peixe...\" - Por Guilherme Lesnok"},"content":{"rendered":"<figure class=\"wp-block-gallery has-nested-images columns-default is-cropped wp-block-gallery-1 is-layout-flex wp-block-gallery-is-layout-flex\">\n<figure class=\"wp-block-image size-large\"><img decoding=\"async\" data-id=\"4415\" data-src=\"https:\/\/luizvolpato.com\/wp-content\/uploads\/2025\/01\/santos-1024x763.jpg\" alt=\"Captura de tela de uma not\u00edcia do &quot;Di\u00e1rio do Peixe&quot;. A manchete discute o desafio da carreira de um arquiteto com o projeto Nova Vila Belmiro, apresentando uma renderiza\u00e7\u00e3o digital de um est\u00e1dio moderno com um design branco e futurista cercado por uma paisagem urbana. - Luiz Volpato Arquitetura\" class=\"wp-image-4415 lazyload\" src=\"data:image\/svg+xml;base64,PHN2ZyB3aWR0aD0iMSIgaGVpZ2h0PSIxIiB4bWxucz0iaHR0cDovL3d3dy53My5vcmcvMjAwMC9zdmciPjwvc3ZnPg==\" style=\"--smush-placeholder-width: 1024px; --smush-placeholder-aspect-ratio: 1024\/763;\" \/><\/figure>\n<\/figure>\n\n\n\n<p>El arquitecto responsable del proyecto de la Nueva Vila Belmiro, Luiz Volpato, particip\u00f3 en un<em> en directo<\/em> <strong><a href=\"https:\/\/www.youtube.com\/watch?v=PdDHSRQAFwg&amp;t=4s\" target=\"_blank\" rel=\"noreferrer noopener\">&nbsp;en exclusiva en el canal YouTube de DI\u00c1RIO DO PEIXE<\/a><\/strong>. Entre los diversos temas tratados, el profesional destac\u00f3 la importancia de la construcci\u00f3n del estadio en su carrera...<\/p>\n\n\n\n<p>Noticia completa: <\/p>\n\n\n\n<p><strong><a href=\"https:\/\/www.diariodopeixe.com.br\/noticias\/arquiteto-do-projeto-da-nova-vila-belmiro-diz-que-vive-o-maior-desafio-da-carreira\/\">https:\/\/www.diariodopeixe.com.br\/noticias\/arquiteto-do-projeto-da-nova-vila-belmiro-diz-que-vive-o-maior-desafio-da-carreira<\/a><a href=\"https:\/\/www.diariodopeixe.com.br\/noticias\/arquiteto-do-projeto-da-nova-vila-belmiro-diz-que-vive-o-maior-desafio-da-carreira\/\" target=\"_blank\" rel=\"noreferrer noopener\">\/<\/a><\/strong><\/p>","protected":false},"excerpt":{"rendered":"<p>El arquitecto responsable del proyecto de la Nueva Vila Belmiro, Luiz Volpato, particip\u00f3 en una transmisi\u00f3n exclusiva en directo en el canal YouTube de DI\u00c1RIO DO PEIXE. Entre varios temas, el profesional destac\u00f3 la importancia de la construcci\u00f3n del estadio en su carrera... Historia completa: https:\/\/www.diariodopeixe.com.br\/noticias\/arquiteto-do-projeto-da-nova-vila-belmiro-diz-que-vive-o-maior-desafio-da-carreira\/<\/p>","protected":false},"author":6,"featured_media":4415,"comment_status":"open","ping_status":"open","sticky":false,"template":"","format":"standard","meta":{"_acf_changed":false,"footnotes":""},"categories":[1],"tags":[],"class_list":["post-4414","post","type-post","status-publish","format-standard","has-post-thumbnail","hentry","category-sem-categoria"],"acf":[],"yoast_head":"<!-- This site is optimized with the Yoast SEO plugin v25.4 - https:\/\/yoast.com\/wordpress\/plugins\/seo\/ -->\n<title>&quot;O arquiteto respons\u00e1vel pelo projeto da Nova Vila Belmiro, Luiz Volpato, participou de uma live\u00a0exclusiva no canal Di\u00e1rio do Peixe...&quot; - Por\u00a0Guilherme Lesnok - Luiz Volpato Arquitetura<\/title>\n<meta name=\"description\" content=\"Relembre a entrevista de Luiz Volpato sobre a Nova Vila Belmiro para o Di\u00e1rio do Peixe - canal do YouTube - Por\u00a0Guilherme Lesnok.\" \/>\n<meta name=\"robots\" content=\"index, follow, max-snippet:-1, max-image-preview:large, max-video-preview:-1\" \/>\n<link rel=\"canonical\" href=\"https:\/\/luizvolpato.com\/es\/o-arquiteto-responsavel-pelo-projeto-da-nova-vila-belmiro-luiz-volpato-participou-de-uma-live-exclusiva-no-canal-diario-do-peixe-por-guilherme-lesnok\/\" \/>\n<meta property=\"og:locale\" content=\"es_ES\" \/>\n<meta property=\"og:type\" content=\"article\" \/>\n<meta property=\"og:title\" content=\"&quot;O arquiteto respons\u00e1vel pelo projeto da Nova Vila Belmiro, Luiz Volpato, participou de uma live\u00a0exclusiva no canal Di\u00e1rio do Peixe...&quot; - Por\u00a0Guilherme Lesnok - Luiz Volpato Arquitetura\" \/>\n<meta property=\"og:description\" content=\"Relembre a entrevista de Luiz Volpato sobre a Nova Vila Belmiro para o Di\u00e1rio do Peixe - canal do YouTube - Por\u00a0Guilherme Lesnok.\" \/>\n<meta property=\"og:url\" content=\"https:\/\/luizvolpato.com\/es\/o-arquiteto-responsavel-pelo-projeto-da-nova-vila-belmiro-luiz-volpato-participou-de-uma-live-exclusiva-no-canal-diario-do-peixe-por-guilherme-lesnok\/\" \/>\n<meta property=\"og:site_name\" content=\"Luiz Volpato Arquitetura\" \/>\n<meta property=\"article:published_time\" content=\"2025-01-13T14:39:56+00:00\" \/>\n<meta property=\"article:modified_time\" content=\"2025-01-14T13:43:16+00:00\" \/>\n<meta property=\"og:image\" content=\"https:\/\/luizvolpato.com\/wp-content\/uploads\/2025\/01\/santos-e1736780041714.jpg\" \/>\n\t<meta property=\"og:image:width\" content=\"1047\" \/>\n\t<meta property=\"og:image:height\" content=\"803\" \/>\n\t<meta property=\"og:image:type\" content=\"image\/jpeg\" \/>\n<meta name=\"author\" content=\"Midia LVArq\" \/>\n<meta name=\"twitter:card\" content=\"summary_large_image\" \/>\n<meta name=\"twitter:label1\" content=\"Escrito por\" \/>\n\t<meta name=\"twitter:data1\" content=\"Midia LVArq\" \/>\n\t<meta name=\"twitter:label2\" content=\"Tiempo de lectura\" \/>\n\t<meta name=\"twitter:data2\" content=\"1 minuto\" \/>\n<script type=\"application\/ld+json\" class=\"yoast-schema-graph\">{\"@context\":\"https:\/\/schema.org\",\"@graph\":[{\"@type\":\"WebPage\",\"@id\":\"https:\/\/luizvolpato.com\/o-arquiteto-responsavel-pelo-projeto-da-nova-vila-belmiro-luiz-volpato-participou-de-uma-live-exclusiva-no-canal-diario-do-peixe-por-guilherme-lesnok\/\",\"url\":\"https:\/\/luizvolpato.com\/o-arquiteto-responsavel-pelo-projeto-da-nova-vila-belmiro-luiz-volpato-participou-de-uma-live-exclusiva-no-canal-diario-do-peixe-por-guilherme-lesnok\/\",\"name\":\"\\\"O arquiteto respons\u00e1vel pelo projeto da Nova Vila Belmiro, Luiz Volpato, participou de uma live\u00a0exclusiva no canal Di\u00e1rio do Peixe...\\\" - Por\u00a0Guilherme Lesnok - Luiz Volpato Arquitetura\",\"isPartOf\":{\"@id\":\"https:\/\/luizvolpato.com\/#website\"},\"primaryImageOfPage\":{\"@id\":\"https:\/\/luizvolpato.com\/o-arquiteto-responsavel-pelo-projeto-da-nova-vila-belmiro-luiz-volpato-participou-de-uma-live-exclusiva-no-canal-diario-do-peixe-por-guilherme-lesnok\/#primaryimage\"},\"image\":{\"@id\":\"https:\/\/luizvolpato.com\/o-arquiteto-responsavel-pelo-projeto-da-nova-vila-belmiro-luiz-volpato-participou-de-uma-live-exclusiva-no-canal-diario-do-peixe-por-guilherme-lesnok\/#primaryimage\"},\"thumbnailUrl\":\"https:\/\/luizvolpato.com\/wp-content\/uploads\/2025\/01\/santos-e1736780041714.jpg\",\"datePublished\":\"2025-01-13T14:39:56+00:00\",\"dateModified\":\"2025-01-14T13:43:16+00:00\",\"author\":{\"@id\":\"https:\/\/luizvolpato.com\/#\/schema\/person\/b7360306d98aafd274d143273904240c\"},\"description\":\"Relembre a entrevista de Luiz Volpato sobre a Nova Vila Belmiro para o Di\u00e1rio do Peixe - canal do YouTube - Por\u00a0Guilherme Lesnok.\",\"breadcrumb\":{\"@id\":\"https:\/\/luizvolpato.com\/o-arquiteto-responsavel-pelo-projeto-da-nova-vila-belmiro-luiz-volpato-participou-de-uma-live-exclusiva-no-canal-diario-do-peixe-por-guilherme-lesnok\/#breadcrumb\"},\"inLanguage\":\"es\",\"potentialAction\":[{\"@type\":\"ReadAction\",\"target\":[\"https:\/\/luizvolpato.com\/o-arquiteto-responsavel-pelo-projeto-da-nova-vila-belmiro-luiz-volpato-participou-de-uma-live-exclusiva-no-canal-diario-do-peixe-por-guilherme-lesnok\/\"]}]},{\"@type\":\"ImageObject\",\"inLanguage\":\"es\",\"@id\":\"https:\/\/luizvolpato.com\/o-arquiteto-responsavel-pelo-projeto-da-nova-vila-belmiro-luiz-volpato-participou-de-uma-live-exclusiva-no-canal-diario-do-peixe-por-guilherme-lesnok\/#primaryimage\",\"url\":\"https:\/\/luizvolpato.com\/wp-content\/uploads\/2025\/01\/santos-e1736780041714.jpg\",\"contentUrl\":\"https:\/\/luizvolpato.com\/wp-content\/uploads\/2025\/01\/santos-e1736780041714.jpg\",\"width\":1047,\"height\":803,\"caption\":\"Captura de tela de uma not\u00edcia do \\\"Di\u00e1rio do Peixe\\\". A manchete discute o desafio da carreira de um arquiteto com o projeto Nova Vila Belmiro, apresentando uma renderiza\u00e7\u00e3o digital de um est\u00e1dio moderno com um design branco e futurista cercado por uma paisagem urbana. - Luiz Volpato Arquitetura\"},{\"@type\":\"BreadcrumbList\",\"@id\":\"https:\/\/luizvolpato.com\/o-arquiteto-responsavel-pelo-projeto-da-nova-vila-belmiro-luiz-volpato-participou-de-uma-live-exclusiva-no-canal-diario-do-peixe-por-guilherme-lesnok\/#breadcrumb\",\"itemListElement\":[{\"@type\":\"ListItem\",\"position\":1,\"name\":\"In\u00edcio\",\"item\":\"https:\/\/luizvolpato.com\/\"},{\"@type\":\"ListItem\",\"position\":2,\"name\":\"&#8220;O arquiteto respons\u00e1vel pelo projeto da Nova Vila Belmiro, Luiz Volpato, participou de uma live\u00a0exclusiva no canal Di\u00e1rio do Peixe&#8230;&#8221; &#8211; Por\u00a0Guilherme Lesnok\"}]},{\"@type\":\"WebSite\",\"@id\":\"https:\/\/luizvolpato.com\/#website\",\"url\":\"https:\/\/luizvolpato.com\/\",\"name\":\"Luiz Volpato Arquitetura\",\"description\":\"\",\"potentialAction\":[{\"@type\":\"SearchAction\",\"target\":{\"@type\":\"EntryPoint\",\"urlTemplate\":\"https:\/\/luizvolpato.com\/?s={search_term_string}\"},\"query-input\":{\"@type\":\"PropertyValueSpecification\",\"valueRequired\":true,\"valueName\":\"search_term_string\"}}],\"inLanguage\":\"es\"},{\"@type\":\"Person\",\"@id\":\"https:\/\/luizvolpato.com\/#\/schema\/person\/b7360306d98aafd274d143273904240c\",\"name\":\"Midia LVArq\",\"image\":{\"@type\":\"ImageObject\",\"inLanguage\":\"es\",\"@id\":\"https:\/\/luizvolpato.com\/#\/schema\/person\/image\/\",\"url\":\"https:\/\/secure.gravatar.com\/avatar\/05a48b3795c07ab201a01968727560149bfbea42f991929edd860d5c666bf24a?s=96&d=mm&r=g\",\"contentUrl\":\"https:\/\/secure.gravatar.com\/avatar\/05a48b3795c07ab201a01968727560149bfbea42f991929edd860d5c666bf24a?s=96&d=mm&r=g\",\"caption\":\"Midia LVArq\"}}]}<\/script>\n<!-- \/ Yoast SEO plugin. -->","yoast_head_json":{"title":"\"O arquiteto respons\u00e1vel pelo projeto da Nova Vila Belmiro, Luiz Volpato, participou de uma live\u00a0exclusiva no canal Di\u00e1rio do Peixe...\" - Por\u00a0Guilherme Lesnok - Luiz Volpato Arquitetura","description":"Relembre a entrevista de Luiz Volpato sobre a Nova Vila Belmiro para o Di\u00e1rio do Peixe - canal do YouTube - Por\u00a0Guilherme Lesnok.","robots":{"index":"index","follow":"follow","max-snippet":"max-snippet:-1","max-image-preview":"max-image-preview:large","max-video-preview":"max-video-preview:-1"},"canonical":"https:\/\/luizvolpato.com\/es\/o-arquiteto-responsavel-pelo-projeto-da-nova-vila-belmiro-luiz-volpato-participou-de-uma-live-exclusiva-no-canal-diario-do-peixe-por-guilherme-lesnok\/","og_locale":"es_ES","og_type":"article","og_title":"\"O arquiteto respons\u00e1vel pelo projeto da Nova Vila Belmiro, Luiz Volpato, participou de uma live\u00a0exclusiva no canal Di\u00e1rio do Peixe...\" - Por\u00a0Guilherme Lesnok - Luiz Volpato Arquitetura","og_description":"Relembre a entrevista de Luiz Volpato sobre a Nova Vila Belmiro para o Di\u00e1rio do Peixe - canal do YouTube - Por\u00a0Guilherme Lesnok.","og_url":"https:\/\/luizvolpato.com\/es\/o-arquiteto-responsavel-pelo-projeto-da-nova-vila-belmiro-luiz-volpato-participou-de-uma-live-exclusiva-no-canal-diario-do-peixe-por-guilherme-lesnok\/","og_site_name":"Luiz Volpato Arquitetura","article_published_time":"2025-01-13T14:39:56+00:00","article_modified_time":"2025-01-14T13:43:16+00:00","og_image":[{"width":1047,"height":803,"url":"https:\/\/luizvolpato.com\/wp-content\/uploads\/2025\/01\/santos-e1736780041714.jpg","type":"image\/jpeg"}],"author":"Midia LVArq","twitter_card":"summary_large_image","twitter_misc":{"Escrito por":"Midia LVArq","Tiempo de lectura":"1 minuto"},"schema":{"@context":"https:\/\/schema.org","@graph":[{"@type":"WebPage","@id":"https:\/\/luizvolpato.com\/o-arquiteto-responsavel-pelo-projeto-da-nova-vila-belmiro-luiz-volpato-participou-de-uma-live-exclusiva-no-canal-diario-do-peixe-por-guilherme-lesnok\/","url":"https:\/\/luizvolpato.com\/o-arquiteto-responsavel-pelo-projeto-da-nova-vila-belmiro-luiz-volpato-participou-de-uma-live-exclusiva-no-canal-diario-do-peixe-por-guilherme-lesnok\/","name":"\"O arquiteto respons\u00e1vel pelo projeto da Nova Vila Belmiro, Luiz Volpato, participou de uma live\u00a0exclusiva no canal Di\u00e1rio do Peixe...\" - Por\u00a0Guilherme Lesnok - Luiz Volpato Arquitetura","isPartOf":{"@id":"https:\/\/luizvolpato.com\/#website"},"primaryImageOfPage":{"@id":"https:\/\/luizvolpato.com\/o-arquiteto-responsavel-pelo-projeto-da-nova-vila-belmiro-luiz-volpato-participou-de-uma-live-exclusiva-no-canal-diario-do-peixe-por-guilherme-lesnok\/#primaryimage"},"image":{"@id":"https:\/\/luizvolpato.com\/o-arquiteto-responsavel-pelo-projeto-da-nova-vila-belmiro-luiz-volpato-participou-de-uma-live-exclusiva-no-canal-diario-do-peixe-por-guilherme-lesnok\/#primaryimage"},"thumbnailUrl":"https:\/\/luizvolpato.com\/wp-content\/uploads\/2025\/01\/santos-e1736780041714.jpg","datePublished":"2025-01-13T14:39:56+00:00","dateModified":"2025-01-14T13:43:16+00:00","author":{"@id":"https:\/\/luizvolpato.com\/#\/schema\/person\/b7360306d98aafd274d143273904240c"},"description":"Relembre a entrevista de Luiz Volpato sobre a Nova Vila Belmiro para o Di\u00e1rio do Peixe - canal do YouTube - Por\u00a0Guilherme Lesnok.","breadcrumb":{"@id":"https:\/\/luizvolpato.com\/o-arquiteto-responsavel-pelo-projeto-da-nova-vila-belmiro-luiz-volpato-participou-de-uma-live-exclusiva-no-canal-diario-do-peixe-por-guilherme-lesnok\/#breadcrumb"},"inLanguage":"es","potentialAction":[{"@type":"ReadAction","target":["https:\/\/luizvolpato.com\/o-arquiteto-responsavel-pelo-projeto-da-nova-vila-belmiro-luiz-volpato-participou-de-uma-live-exclusiva-no-canal-diario-do-peixe-por-guilherme-lesnok\/"]}]},{"@type":"ImageObject","inLanguage":"es","@id":"https:\/\/luizvolpato.com\/o-arquiteto-responsavel-pelo-projeto-da-nova-vila-belmiro-luiz-volpato-participou-de-uma-live-exclusiva-no-canal-diario-do-peixe-por-guilherme-lesnok\/#primaryimage","url":"https:\/\/luizvolpato.com\/wp-content\/uploads\/2025\/01\/santos-e1736780041714.jpg","contentUrl":"https:\/\/luizvolpato.com\/wp-content\/uploads\/2025\/01\/santos-e1736780041714.jpg","width":1047,"height":803,"caption":"Captura de tela de uma not\u00edcia do \"Di\u00e1rio do Peixe\". A manchete discute o desafio da carreira de um arquiteto com o projeto Nova Vila Belmiro, apresentando uma renderiza\u00e7\u00e3o digital de um est\u00e1dio moderno com um design branco e futurista cercado por uma paisagem urbana. - Luiz Volpato Arquitetura"},{"@type":"BreadcrumbList","@id":"https:\/\/luizvolpato.com\/o-arquiteto-responsavel-pelo-projeto-da-nova-vila-belmiro-luiz-volpato-participou-de-uma-live-exclusiva-no-canal-diario-do-peixe-por-guilherme-lesnok\/#breadcrumb","itemListElement":[{"@type":"ListItem","position":1,"name":"In\u00edcio","item":"https:\/\/luizvolpato.com\/"},{"@type":"ListItem","position":2,"name":"&#8220;O arquiteto respons\u00e1vel pelo projeto da Nova Vila Belmiro, Luiz Volpato, participou de uma live\u00a0exclusiva no canal Di\u00e1rio do Peixe&#8230;&#8221; &#8211; Por\u00a0Guilherme Lesnok"}]},{"@type":"WebSite","@id":"https:\/\/luizvolpato.com\/#website","url":"https:\/\/luizvolpato.com\/","name":"Luiz Volpato Arquitetura","description":"","potentialAction":[{"@type":"SearchAction","target":{"@type":"EntryPoint","urlTemplate":"https:\/\/luizvolpato.com\/?s={search_term_string}"},"query-input":{"@type":"PropertyValueSpecification","valueRequired":true,"valueName":"search_term_string"}}],"inLanguage":"es"},{"@type":"Person","@id":"https:\/\/luizvolpato.com\/#\/schema\/person\/b7360306d98aafd274d143273904240c","name":"Midia LVArq","image":{"@type":"ImageObject","inLanguage":"es","@id":"https:\/\/luizvolpato.com\/#\/schema\/person\/image\/","url":"https:\/\/secure.gravatar.com\/avatar\/05a48b3795c07ab201a01968727560149bfbea42f991929edd860d5c666bf24a?s=96&d=mm&r=g","contentUrl":"https:\/\/secure.gravatar.com\/avatar\/05a48b3795c07ab201a01968727560149bfbea42f991929edd860d5c666bf24a?s=96&d=mm&r=g","caption":"Midia LVArq"}}]}},"_links":{"self":[{"href":"https:\/\/luizvolpato.com\/es\/wp-json\/wp\/v2\/posts\/4414","targetHints":{"allow":["GET"]}}],"collection":[{"href":"https:\/\/luizvolpato.com\/es\/wp-json\/wp\/v2\/posts"}],"about":[{"href":"https:\/\/luizvolpato.com\/es\/wp-json\/wp\/v2\/types\/post"}],"author":[{"embeddable":true,"href":"https:\/\/luizvolpato.com\/es\/wp-json\/wp\/v2\/users\/6"}],"replies":[{"embeddable":true,"href":"https:\/\/luizvolpato.com\/es\/wp-json\/wp\/v2\/comments?post=4414"}],"version-history":[{"count":2,"href":"https:\/\/luizvolpato.com\/es\/wp-json\/wp\/v2\/posts\/4414\/revisions"}],"predecessor-version":[{"id":4468,"href":"https:\/\/luizvolpato.com\/es\/wp-json\/wp\/v2\/posts\/4414\/revisions\/4468"}],"wp:featuredmedia":[{"embeddable":true,"href":"https:\/\/luizvolpato.com\/es\/wp-json\/wp\/v2\/media\/4415"}],"wp:attachment":[{"href":"https:\/\/luizvolpato.com\/es\/wp-json\/wp\/v2\/media?parent=4414"}],"wp:term":[{"taxonomy":"category","embeddable":true,"href":"https:\/\/luizvolpato.com\/es\/wp-json\/wp\/v2\/categories?post=4414"},{"taxonomy":"post_tag","embeddable":true,"href":"https:\/\/luizvolpato.com\/es\/wp-json\/wp\/v2\/tags?post=4414"}],"curies":[{"name":"wp","href":"https:\/\/api.w.org\/{rel}","templated":true}]}}