{"id":4405,"date":"2025-01-13T09:58:15","date_gmt":"2025-01-13T12:58:15","guid":{"rendered":"https:\/\/luizvolpato.com\/?p=4405"},"modified":"2025-01-14T10:45:33","modified_gmt":"2025-01-14T13:45:33","slug":"predio-em-curitiba-celebra-dez-anos-com-projeto-contemporaneo-e-atemporal-por-sharon-abdalla","status":"publish","type":"post","link":"https:\/\/luizvolpato.com\/es\/predio-em-curitiba-celebra-dez-anos-com-projeto-contemporaneo-e-atemporal-por-sharon-abdalla\/","title":{"rendered":"\"El edificio de Curitiba celebra diez a\u00f1os con un dise\u00f1o contempor\u00e1neo y atemporal...\" - Por Sharon Abdalla"},"content":{"rendered":"<figure class=\"wp-block-gallery has-nested-images columns-default is-cropped wp-block-gallery-1 is-layout-flex wp-block-gallery-is-layout-flex\">\n<figure class=\"wp-block-image size-large\"><img decoding=\"async\" width=\"911\" height=\"838\" data-id=\"4406\" data-src=\"https:\/\/luizvolpato.com\/wp-content\/uploads\/2025\/01\/oxi-haus.jpg\" alt=\"\" class=\"wp-image-4406 lazyload\" data-srcset=\"https:\/\/luizvolpato.com\/wp-content\/uploads\/2025\/01\/oxi-haus.jpg 911w, https:\/\/luizvolpato.com\/wp-content\/uploads\/2025\/01\/oxi-haus-300x276.jpg 300w, https:\/\/luizvolpato.com\/wp-content\/uploads\/2025\/01\/oxi-haus-768x706.jpg 768w, https:\/\/luizvolpato.com\/wp-content\/uploads\/2025\/01\/oxi-haus-13x12.jpg 13w\" data-sizes=\"(max-width: 911px) 100vw, 911px\" src=\"data:image\/svg+xml;base64,PHN2ZyB3aWR0aD0iMSIgaGVpZ2h0PSIxIiB4bWxucz0iaHR0cDovL3d3dy53My5vcmcvMjAwMC9zdmciPjwvc3ZnPg==\" style=\"--smush-placeholder-width: 911px; --smush-placeholder-aspect-ratio: 911\/838;\" \/><\/figure>\n<\/figure>\n\n\n\n<p>Durante d\u00e9cadas, Curitiba ha sido reconocida por la calidad de la arquitectura construida o dise\u00f1ada en la ciudad. Desde los parques que se convirtieron en postales de la capital en la \u00e9poca de Jaime Lerner hasta los concursos que han llevado los nombres de profesionales y oficinas de Curitiba a todos los rincones del mundo -incluso a la Ant\u00e1rtida-, la ciudad ha reunido obras p\u00fablicas y privadas cuyo lenguaje arquitect\u00f3nico podr\u00eda situarse en cualquier direcci\u00f3n, en Brasil o en el extranjero....<\/p>\n\n\n\n<p>Noticia completa: <\/p>\n\n\n\n<p><a href=\"https:\/\/revistahaus.com.br\/haus\/arquitetura\/predio-em-curitiba-celebra-dez-anos-com-projeto-contemporaneo-e-atemporal\/\"><strong>https:\/\/revistahaus.com.br\/haus\/arquitetura\/predio-em-curitiba-celebra-dez-anos-com-projeto-contemporaneo-e-atemporal<\/strong><\/a><strong><a href=\"https:\/\/revistahaus.com.br\/haus\/arquitetura\/predio-em-curitiba-celebra-dez-anos-com-projeto-contemporaneo-e-atemporal\/\" target=\"_blank\" rel=\"noreferrer noopener\">\/<\/a><\/strong><\/p>\n\n\n\n<p><\/p>","protected":false},"excerpt":{"rendered":"<p>H\u00e1 d\u00e9cadas Curitiba \u00e9 reconhecida pela qualidade da arquitetura constru\u00edda ou projetada na cidade. Desde os parques que se tornaram os cart\u00f5es-postais da capital na era Jaime Lerner aos concursos que levaram nomes de profissionais e escrit\u00f3rios curitibanos para todos os cantos do mundo &#8211; chegando at\u00e9 a Ant\u00e1rtida -, a cidade colecionada obras p\u00fablicas [&hellip;]<\/p>","protected":false},"author":6,"featured_media":4406,"comment_status":"open","ping_status":"open","sticky":false,"template":"","format":"standard","meta":{"_acf_changed":false,"footnotes":""},"categories":[1],"tags":[],"class_list":["post-4405","post","type-post","status-publish","format-standard","has-post-thumbnail","hentry","category-sem-categoria"],"acf":[],"yoast_head":"<!-- This site is optimized with the Yoast SEO plugin v25.4 - https:\/\/yoast.com\/wordpress\/plugins\/seo\/ -->\n<title>&quot;Pr\u00e9dio em Curitiba celebra dez anos com projeto contempor\u00e2neo e atemporal...&quot; - Por Sharon Abdalla - Luiz Volpato Arquitetura<\/title>\n<meta name=\"description\" content=\"Confira a mat\u00e9ria que conta um pouco sobre o projeto OXI, que completa sua primeira d\u00e9cada. Uma mat\u00e9ria de Sharon Abdalla, para Revista Haus.\" \/>\n<meta name=\"robots\" content=\"index, follow, max-snippet:-1, max-image-preview:large, max-video-preview:-1\" \/>\n<link rel=\"canonical\" href=\"https:\/\/luizvolpato.com\/es\/predio-em-curitiba-celebra-dez-anos-com-projeto-contemporaneo-e-atemporal-por-sharon-abdalla\/\" \/>\n<meta property=\"og:locale\" content=\"es_ES\" \/>\n<meta property=\"og:type\" content=\"article\" \/>\n<meta property=\"og:title\" content=\"&quot;Pr\u00e9dio em Curitiba celebra dez anos com projeto contempor\u00e2neo e atemporal...&quot; - Por Sharon Abdalla - Luiz Volpato Arquitetura\" \/>\n<meta property=\"og:description\" content=\"Confira a mat\u00e9ria que conta um pouco sobre o projeto OXI, que completa sua primeira d\u00e9cada. Uma mat\u00e9ria de Sharon Abdalla, para Revista Haus.\" \/>\n<meta property=\"og:url\" content=\"https:\/\/luizvolpato.com\/es\/predio-em-curitiba-celebra-dez-anos-com-projeto-contemporaneo-e-atemporal-por-sharon-abdalla\/\" \/>\n<meta property=\"og:site_name\" content=\"Luiz Volpato Arquitetura\" \/>\n<meta property=\"article:published_time\" content=\"2025-01-13T12:58:15+00:00\" \/>\n<meta property=\"article:modified_time\" content=\"2025-01-14T13:45:33+00:00\" \/>\n<meta property=\"og:image\" content=\"https:\/\/luizvolpato.com\/wp-content\/uploads\/2025\/01\/oxi-haus.jpg\" \/>\n\t<meta property=\"og:image:width\" content=\"911\" \/>\n\t<meta property=\"og:image:height\" content=\"838\" \/>\n\t<meta property=\"og:image:type\" content=\"image\/jpeg\" \/>\n<meta name=\"author\" content=\"Midia LVArq\" \/>\n<meta name=\"twitter:card\" content=\"summary_large_image\" \/>\n<meta name=\"twitter:label1\" content=\"Escrito por\" \/>\n\t<meta name=\"twitter:data1\" content=\"Midia LVArq\" \/>\n\t<meta name=\"twitter:label2\" content=\"Tiempo de lectura\" \/>\n\t<meta name=\"twitter:data2\" content=\"1 minuto\" \/>\n<script type=\"application\/ld+json\" class=\"yoast-schema-graph\">{\"@context\":\"https:\/\/schema.org\",\"@graph\":[{\"@type\":\"WebPage\",\"@id\":\"https:\/\/luizvolpato.com\/predio-em-curitiba-celebra-dez-anos-com-projeto-contemporaneo-e-atemporal-por-sharon-abdalla\/\",\"url\":\"https:\/\/luizvolpato.com\/predio-em-curitiba-celebra-dez-anos-com-projeto-contemporaneo-e-atemporal-por-sharon-abdalla\/\",\"name\":\"\\\"Pr\u00e9dio em Curitiba celebra dez anos com projeto contempor\u00e2neo e atemporal...\\\" - Por Sharon Abdalla - Luiz Volpato Arquitetura\",\"isPartOf\":{\"@id\":\"https:\/\/luizvolpato.com\/#website\"},\"primaryImageOfPage\":{\"@id\":\"https:\/\/luizvolpato.com\/predio-em-curitiba-celebra-dez-anos-com-projeto-contemporaneo-e-atemporal-por-sharon-abdalla\/#primaryimage\"},\"image\":{\"@id\":\"https:\/\/luizvolpato.com\/predio-em-curitiba-celebra-dez-anos-com-projeto-contemporaneo-e-atemporal-por-sharon-abdalla\/#primaryimage\"},\"thumbnailUrl\":\"https:\/\/luizvolpato.com\/wp-content\/uploads\/2025\/01\/oxi-haus.jpg\",\"datePublished\":\"2025-01-13T12:58:15+00:00\",\"dateModified\":\"2025-01-14T13:45:33+00:00\",\"author\":{\"@id\":\"https:\/\/luizvolpato.com\/#\/schema\/person\/b7360306d98aafd274d143273904240c\"},\"description\":\"Confira a mat\u00e9ria que conta um pouco sobre o projeto OXI, que completa sua primeira d\u00e9cada. Uma mat\u00e9ria de Sharon Abdalla, para Revista Haus.\",\"breadcrumb\":{\"@id\":\"https:\/\/luizvolpato.com\/predio-em-curitiba-celebra-dez-anos-com-projeto-contemporaneo-e-atemporal-por-sharon-abdalla\/#breadcrumb\"},\"inLanguage\":\"es\",\"potentialAction\":[{\"@type\":\"ReadAction\",\"target\":[\"https:\/\/luizvolpato.com\/predio-em-curitiba-celebra-dez-anos-com-projeto-contemporaneo-e-atemporal-por-sharon-abdalla\/\"]}]},{\"@type\":\"ImageObject\",\"inLanguage\":\"es\",\"@id\":\"https:\/\/luizvolpato.com\/predio-em-curitiba-celebra-dez-anos-com-projeto-contemporaneo-e-atemporal-por-sharon-abdalla\/#primaryimage\",\"url\":\"https:\/\/luizvolpato.com\/wp-content\/uploads\/2025\/01\/oxi-haus.jpg\",\"contentUrl\":\"https:\/\/luizvolpato.com\/wp-content\/uploads\/2025\/01\/oxi-haus.jpg\",\"width\":911,\"height\":838,\"caption\":\"A imagem mostra um edif\u00edcio arquitet\u00f4nico moderno com fachada verde em Curitiba, coberto de plantas trepadeiras. Ele apresenta dois grandes pain\u00e9is de malha em cada lado e uma entrada abaixo. O fundo \u00e9 um c\u00e9u limpo. O cabe\u00e7alho do artigo inclui as palavras \\\"HAUS\\\" e \\\"Pr\u00e9dio em Curitiba celebra dez anos. - Luiz Volpato Arquitetura\"},{\"@type\":\"BreadcrumbList\",\"@id\":\"https:\/\/luizvolpato.com\/predio-em-curitiba-celebra-dez-anos-com-projeto-contemporaneo-e-atemporal-por-sharon-abdalla\/#breadcrumb\",\"itemListElement\":[{\"@type\":\"ListItem\",\"position\":1,\"name\":\"In\u00edcio\",\"item\":\"https:\/\/luizvolpato.com\/\"},{\"@type\":\"ListItem\",\"position\":2,\"name\":\"&#8220;Pr\u00e9dio em Curitiba celebra dez anos com projeto contempor\u00e2neo e atemporal&#8230;&#8221; &#8211; Por Sharon Abdalla\"}]},{\"@type\":\"WebSite\",\"@id\":\"https:\/\/luizvolpato.com\/#website\",\"url\":\"https:\/\/luizvolpato.com\/\",\"name\":\"Luiz Volpato Arquitetura\",\"description\":\"\",\"potentialAction\":[{\"@type\":\"SearchAction\",\"target\":{\"@type\":\"EntryPoint\",\"urlTemplate\":\"https:\/\/luizvolpato.com\/?s={search_term_string}\"},\"query-input\":{\"@type\":\"PropertyValueSpecification\",\"valueRequired\":true,\"valueName\":\"search_term_string\"}}],\"inLanguage\":\"es\"},{\"@type\":\"Person\",\"@id\":\"https:\/\/luizvolpato.com\/#\/schema\/person\/b7360306d98aafd274d143273904240c\",\"name\":\"Midia LVArq\",\"image\":{\"@type\":\"ImageObject\",\"inLanguage\":\"es\",\"@id\":\"https:\/\/luizvolpato.com\/#\/schema\/person\/image\/\",\"url\":\"https:\/\/secure.gravatar.com\/avatar\/05a48b3795c07ab201a01968727560149bfbea42f991929edd860d5c666bf24a?s=96&d=mm&r=g\",\"contentUrl\":\"https:\/\/secure.gravatar.com\/avatar\/05a48b3795c07ab201a01968727560149bfbea42f991929edd860d5c666bf24a?s=96&d=mm&r=g\",\"caption\":\"Midia LVArq\"}}]}<\/script>\n<!-- \/ Yoast SEO plugin. -->","yoast_head_json":{"title":"\"Pr\u00e9dio em Curitiba celebra dez anos com projeto contempor\u00e2neo e atemporal...\" - Por Sharon Abdalla - Luiz Volpato Arquitetura","description":"Confira a mat\u00e9ria que conta um pouco sobre o projeto OXI, que completa sua primeira d\u00e9cada. Uma mat\u00e9ria de Sharon Abdalla, para Revista Haus.","robots":{"index":"index","follow":"follow","max-snippet":"max-snippet:-1","max-image-preview":"max-image-preview:large","max-video-preview":"max-video-preview:-1"},"canonical":"https:\/\/luizvolpato.com\/es\/predio-em-curitiba-celebra-dez-anos-com-projeto-contemporaneo-e-atemporal-por-sharon-abdalla\/","og_locale":"es_ES","og_type":"article","og_title":"\"Pr\u00e9dio em Curitiba celebra dez anos com projeto contempor\u00e2neo e atemporal...\" - Por Sharon Abdalla - Luiz Volpato Arquitetura","og_description":"Confira a mat\u00e9ria que conta um pouco sobre o projeto OXI, que completa sua primeira d\u00e9cada. Uma mat\u00e9ria de Sharon Abdalla, para Revista Haus.","og_url":"https:\/\/luizvolpato.com\/es\/predio-em-curitiba-celebra-dez-anos-com-projeto-contemporaneo-e-atemporal-por-sharon-abdalla\/","og_site_name":"Luiz Volpato Arquitetura","article_published_time":"2025-01-13T12:58:15+00:00","article_modified_time":"2025-01-14T13:45:33+00:00","og_image":[{"width":911,"height":838,"url":"https:\/\/luizvolpato.com\/wp-content\/uploads\/2025\/01\/oxi-haus.jpg","type":"image\/jpeg"}],"author":"Midia LVArq","twitter_card":"summary_large_image","twitter_misc":{"Escrito por":"Midia LVArq","Tiempo de lectura":"1 minuto"},"schema":{"@context":"https:\/\/schema.org","@graph":[{"@type":"WebPage","@id":"https:\/\/luizvolpato.com\/predio-em-curitiba-celebra-dez-anos-com-projeto-contemporaneo-e-atemporal-por-sharon-abdalla\/","url":"https:\/\/luizvolpato.com\/predio-em-curitiba-celebra-dez-anos-com-projeto-contemporaneo-e-atemporal-por-sharon-abdalla\/","name":"\"Pr\u00e9dio em Curitiba celebra dez anos com projeto contempor\u00e2neo e atemporal...\" - Por Sharon Abdalla - Luiz Volpato Arquitetura","isPartOf":{"@id":"https:\/\/luizvolpato.com\/#website"},"primaryImageOfPage":{"@id":"https:\/\/luizvolpato.com\/predio-em-curitiba-celebra-dez-anos-com-projeto-contemporaneo-e-atemporal-por-sharon-abdalla\/#primaryimage"},"image":{"@id":"https:\/\/luizvolpato.com\/predio-em-curitiba-celebra-dez-anos-com-projeto-contemporaneo-e-atemporal-por-sharon-abdalla\/#primaryimage"},"thumbnailUrl":"https:\/\/luizvolpato.com\/wp-content\/uploads\/2025\/01\/oxi-haus.jpg","datePublished":"2025-01-13T12:58:15+00:00","dateModified":"2025-01-14T13:45:33+00:00","author":{"@id":"https:\/\/luizvolpato.com\/#\/schema\/person\/b7360306d98aafd274d143273904240c"},"description":"Confira a mat\u00e9ria que conta um pouco sobre o projeto OXI, que completa sua primeira d\u00e9cada. Uma mat\u00e9ria de Sharon Abdalla, para Revista Haus.","breadcrumb":{"@id":"https:\/\/luizvolpato.com\/predio-em-curitiba-celebra-dez-anos-com-projeto-contemporaneo-e-atemporal-por-sharon-abdalla\/#breadcrumb"},"inLanguage":"es","potentialAction":[{"@type":"ReadAction","target":["https:\/\/luizvolpato.com\/predio-em-curitiba-celebra-dez-anos-com-projeto-contemporaneo-e-atemporal-por-sharon-abdalla\/"]}]},{"@type":"ImageObject","inLanguage":"es","@id":"https:\/\/luizvolpato.com\/predio-em-curitiba-celebra-dez-anos-com-projeto-contemporaneo-e-atemporal-por-sharon-abdalla\/#primaryimage","url":"https:\/\/luizvolpato.com\/wp-content\/uploads\/2025\/01\/oxi-haus.jpg","contentUrl":"https:\/\/luizvolpato.com\/wp-content\/uploads\/2025\/01\/oxi-haus.jpg","width":911,"height":838,"caption":"A imagem mostra um edif\u00edcio arquitet\u00f4nico moderno com fachada verde em Curitiba, coberto de plantas trepadeiras. Ele apresenta dois grandes pain\u00e9is de malha em cada lado e uma entrada abaixo. O fundo \u00e9 um c\u00e9u limpo. O cabe\u00e7alho do artigo inclui as palavras \"HAUS\" e \"Pr\u00e9dio em Curitiba celebra dez anos. - Luiz Volpato Arquitetura"},{"@type":"BreadcrumbList","@id":"https:\/\/luizvolpato.com\/predio-em-curitiba-celebra-dez-anos-com-projeto-contemporaneo-e-atemporal-por-sharon-abdalla\/#breadcrumb","itemListElement":[{"@type":"ListItem","position":1,"name":"In\u00edcio","item":"https:\/\/luizvolpato.com\/"},{"@type":"ListItem","position":2,"name":"&#8220;Pr\u00e9dio em Curitiba celebra dez anos com projeto contempor\u00e2neo e atemporal&#8230;&#8221; &#8211; Por Sharon Abdalla"}]},{"@type":"WebSite","@id":"https:\/\/luizvolpato.com\/#website","url":"https:\/\/luizvolpato.com\/","name":"Luiz Volpato Arquitetura","description":"","potentialAction":[{"@type":"SearchAction","target":{"@type":"EntryPoint","urlTemplate":"https:\/\/luizvolpato.com\/?s={search_term_string}"},"query-input":{"@type":"PropertyValueSpecification","valueRequired":true,"valueName":"search_term_string"}}],"inLanguage":"es"},{"@type":"Person","@id":"https:\/\/luizvolpato.com\/#\/schema\/person\/b7360306d98aafd274d143273904240c","name":"Midia LVArq","image":{"@type":"ImageObject","inLanguage":"es","@id":"https:\/\/luizvolpato.com\/#\/schema\/person\/image\/","url":"https:\/\/secure.gravatar.com\/avatar\/05a48b3795c07ab201a01968727560149bfbea42f991929edd860d5c666bf24a?s=96&d=mm&r=g","contentUrl":"https:\/\/secure.gravatar.com\/avatar\/05a48b3795c07ab201a01968727560149bfbea42f991929edd860d5c666bf24a?s=96&d=mm&r=g","caption":"Midia LVArq"}}]}},"_links":{"self":[{"href":"https:\/\/luizvolpato.com\/es\/wp-json\/wp\/v2\/posts\/4405","targetHints":{"allow":["GET"]}}],"collection":[{"href":"https:\/\/luizvolpato.com\/es\/wp-json\/wp\/v2\/posts"}],"about":[{"href":"https:\/\/luizvolpato.com\/es\/wp-json\/wp\/v2\/types\/post"}],"author":[{"embeddable":true,"href":"https:\/\/luizvolpato.com\/es\/wp-json\/wp\/v2\/users\/6"}],"replies":[{"embeddable":true,"href":"https:\/\/luizvolpato.com\/es\/wp-json\/wp\/v2\/comments?post=4405"}],"version-history":[{"count":2,"href":"https:\/\/luizvolpato.com\/es\/wp-json\/wp\/v2\/posts\/4405\/revisions"}],"predecessor-version":[{"id":4471,"href":"https:\/\/luizvolpato.com\/es\/wp-json\/wp\/v2\/posts\/4405\/revisions\/4471"}],"wp:featuredmedia":[{"embeddable":true,"href":"https:\/\/luizvolpato.com\/es\/wp-json\/wp\/v2\/media\/4406"}],"wp:attachment":[{"href":"https:\/\/luizvolpato.com\/es\/wp-json\/wp\/v2\/media?parent=4405"}],"wp:term":[{"taxonomy":"category","embeddable":true,"href":"https:\/\/luizvolpato.com\/es\/wp-json\/wp\/v2\/categories?post=4405"},{"taxonomy":"post_tag","embeddable":true,"href":"https:\/\/luizvolpato.com\/es\/wp-json\/wp\/v2\/tags?post=4405"}],"curies":[{"name":"wp","href":"https:\/\/api.w.org\/{rel}","templated":true}]}}