{"id":4402,"date":"2025-01-13T09:39:08","date_gmt":"2025-01-13T12:39:08","guid":{"rendered":"https:\/\/luizvolpato.com\/?p=4402"},"modified":"2025-01-14T10:47:00","modified_gmt":"2025-01-14T13:47:00","slug":"o-programa-do-complexo-industrial-apesar-de-extenso-e-bastante-simples-gerando-um-partido-e-uma-ocupacao-objetiva-archdaily-ngc","status":"publish","type":"post","link":"https:\/\/luizvolpato.com\/es\/o-programa-do-complexo-industrial-apesar-de-extenso-e-bastante-simples-gerando-um-partido-e-uma-ocupacao-objetiva-archdaily-ngc\/","title":{"rendered":"\"El programa del complejo industrial, aunque extenso, es bastante sencillo, generando una disposici\u00f3n y ocupaci\u00f3n objetivas...\" - ArchDaily \/ NGC."},"content":{"rendered":"<figure class=\"wp-block-gallery has-nested-images columns-default is-cropped wp-block-gallery-1 is-layout-flex wp-block-gallery-is-layout-flex\">\n<figure class=\"wp-block-image size-large\"><img decoding=\"async\" data-id=\"4403\" data-src=\"https:\/\/luizvolpato.com\/wp-content\/uploads\/2025\/01\/arch_ngc.jpg\" alt=\"\" class=\"wp-image-4403 lazyload\" src=\"data:image\/svg+xml;base64,PHN2ZyB3aWR0aD0iMSIgaGVpZ2h0PSIxIiB4bWxucz0iaHR0cDovL3d3dy53My5vcmcvMjAwMC9zdmciPjwvc3ZnPg==\" style=\"--smush-placeholder-width: 704px; --smush-placeholder-aspect-ratio: 704\/908;\" \/><\/figure>\n<\/figure>\n\n\n\n<p>Para facilitar la circulaci\u00f3n de veh\u00edculos por el complejo, se decidi\u00f3 cruzar el recinto de una calle a otra, conectando los dos frentes. Esta conexi\u00f3n entre las dos calles sectoriz\u00f3 autom\u00e1ticamente el complejo. En el sector oeste se encuentran las actividades directamente vinculadas a la f\u00e1brica, mientras que en el sector este est\u00e1n los aparcamientos, un bloque de restaurantes y un conjunto de cobertizos, que se utilizar\u00e1n para futuras ampliaciones.<\/p>\n\n\n\n<p>Noticia completa: <\/p>\n\n\n\n<p><strong><a href=\"https:\/\/www.archdaily.com.br\/br\/758151\/industria-ngc-do-brasil-io-arquitetura?ad_medium=office_landing&amp;ad_name=article\">https:\/\/www.archdaily.com.br\/br\/758151\/industria-ngc-do-brasil-io-arquitetura?ad_medium=office_landing&amp;ad_name=a<\/a><a href=\"https:\/\/www.archdaily.com.br\/br\/758151\/industria-ngc-do-brasil-io-arquitetura?ad_medium=office_landing&amp;ad_name=article\" target=\"_blank\" rel=\"noreferrer noopener\">rt\u00edculo<\/a><\/strong><\/p>\n\n\n\n<p><\/p>","protected":false},"excerpt":{"rendered":"<p>Para facilitar a circula\u00e7\u00e3o dos ve\u00edculos pelo complexo, optou-se por cruzar o terreno uma via \u00e0 outra conectando as duas frentes. De forma autom\u00e1tica essa conex\u00e3o entre as duas ruas setorizou o complexo. No setor a oeste est\u00e3o as atividades diretamente ligadas \u00e0 fabrica, enquanto no setor leste est\u00e3o os estacionamentos, um bloco de restaurante [&hellip;]<\/p>","protected":false},"author":6,"featured_media":4403,"comment_status":"open","ping_status":"open","sticky":false,"template":"","format":"standard","meta":{"_acf_changed":false,"footnotes":""},"categories":[1],"tags":[],"class_list":["post-4402","post","type-post","status-publish","format-standard","has-post-thumbnail","hentry","category-sem-categoria"],"acf":[],"yoast_head":"<!-- This site is optimized with the Yoast SEO plugin v25.4 - https:\/\/yoast.com\/wordpress\/plugins\/seo\/ -->\n<title>&quot;O programa do complexo industrial apesar de extenso \u00e9 bastante simples, gerando um partido e uma ocupa\u00e7\u00e3o objetiva...&quot; - ArchDaily \/ NGC. - Luiz Volpato Arquitetura<\/title>\n<meta name=\"description\" content=\"Confira a publica\u00e7\u00e3o do projeto arquitet\u00f4nico - NGC do Brasil - por Luiz Volpato Arquitetura em ArchDaily.\" \/>\n<meta name=\"robots\" content=\"index, follow, max-snippet:-1, max-image-preview:large, max-video-preview:-1\" \/>\n<link rel=\"canonical\" href=\"https:\/\/luizvolpato.com\/es\/o-programa-do-complexo-industrial-apesar-de-extenso-e-bastante-simples-gerando-um-partido-e-uma-ocupacao-objetiva-archdaily-ngc\/\" \/>\n<meta property=\"og:locale\" content=\"es_ES\" \/>\n<meta property=\"og:type\" content=\"article\" \/>\n<meta property=\"og:title\" content=\"&quot;O programa do complexo industrial apesar de extenso \u00e9 bastante simples, gerando um partido e uma ocupa\u00e7\u00e3o objetiva...&quot; - ArchDaily \/ NGC. - Luiz Volpato Arquitetura\" \/>\n<meta property=\"og:description\" content=\"Confira a publica\u00e7\u00e3o do projeto arquitet\u00f4nico - NGC do Brasil - por Luiz Volpato Arquitetura em ArchDaily.\" \/>\n<meta property=\"og:url\" content=\"https:\/\/luizvolpato.com\/es\/o-programa-do-complexo-industrial-apesar-de-extenso-e-bastante-simples-gerando-um-partido-e-uma-ocupacao-objetiva-archdaily-ngc\/\" \/>\n<meta property=\"og:site_name\" content=\"Luiz Volpato Arquitetura\" \/>\n<meta property=\"article:published_time\" content=\"2025-01-13T12:39:08+00:00\" \/>\n<meta property=\"article:modified_time\" content=\"2025-01-14T13:47:00+00:00\" \/>\n<meta property=\"og:image\" content=\"https:\/\/luizvolpato.com\/wp-content\/uploads\/2025\/01\/arch_ngc-e1736772312940.jpg\" \/>\n\t<meta property=\"og:image:width\" content=\"703\" \/>\n\t<meta property=\"og:image:height\" content=\"564\" \/>\n\t<meta property=\"og:image:type\" content=\"image\/jpeg\" \/>\n<meta name=\"author\" content=\"Midia LVArq\" \/>\n<meta name=\"twitter:card\" content=\"summary_large_image\" \/>\n<meta name=\"twitter:label1\" content=\"Escrito por\" \/>\n\t<meta name=\"twitter:data1\" content=\"Midia LVArq\" \/>\n\t<meta name=\"twitter:label2\" content=\"Tiempo de lectura\" \/>\n\t<meta name=\"twitter:data2\" content=\"1 minuto\" \/>\n<script type=\"application\/ld+json\" class=\"yoast-schema-graph\">{\"@context\":\"https:\/\/schema.org\",\"@graph\":[{\"@type\":\"WebPage\",\"@id\":\"https:\/\/luizvolpato.com\/o-programa-do-complexo-industrial-apesar-de-extenso-e-bastante-simples-gerando-um-partido-e-uma-ocupacao-objetiva-archdaily-ngc\/\",\"url\":\"https:\/\/luizvolpato.com\/o-programa-do-complexo-industrial-apesar-de-extenso-e-bastante-simples-gerando-um-partido-e-uma-ocupacao-objetiva-archdaily-ngc\/\",\"name\":\"\\\"O programa do complexo industrial apesar de extenso \u00e9 bastante simples, gerando um partido e uma ocupa\u00e7\u00e3o objetiva...\\\" - ArchDaily \/ NGC. - Luiz Volpato Arquitetura\",\"isPartOf\":{\"@id\":\"https:\/\/luizvolpato.com\/#website\"},\"primaryImageOfPage\":{\"@id\":\"https:\/\/luizvolpato.com\/o-programa-do-complexo-industrial-apesar-de-extenso-e-bastante-simples-gerando-um-partido-e-uma-ocupacao-objetiva-archdaily-ngc\/#primaryimage\"},\"image\":{\"@id\":\"https:\/\/luizvolpato.com\/o-programa-do-complexo-industrial-apesar-de-extenso-e-bastante-simples-gerando-um-partido-e-uma-ocupacao-objetiva-archdaily-ngc\/#primaryimage\"},\"thumbnailUrl\":\"https:\/\/luizvolpato.com\/wp-content\/uploads\/2025\/01\/arch_ngc-e1736772312940.jpg\",\"datePublished\":\"2025-01-13T12:39:08+00:00\",\"dateModified\":\"2025-01-14T13:47:00+00:00\",\"author\":{\"@id\":\"https:\/\/luizvolpato.com\/#\/schema\/person\/b7360306d98aafd274d143273904240c\"},\"description\":\"Confira a publica\u00e7\u00e3o do projeto arquitet\u00f4nico - NGC do Brasil - por Luiz Volpato Arquitetura em ArchDaily.\",\"breadcrumb\":{\"@id\":\"https:\/\/luizvolpato.com\/o-programa-do-complexo-industrial-apesar-de-extenso-e-bastante-simples-gerando-um-partido-e-uma-ocupacao-objetiva-archdaily-ngc\/#breadcrumb\"},\"inLanguage\":\"es\",\"potentialAction\":[{\"@type\":\"ReadAction\",\"target\":[\"https:\/\/luizvolpato.com\/o-programa-do-complexo-industrial-apesar-de-extenso-e-bastante-simples-gerando-um-partido-e-uma-ocupacao-objetiva-archdaily-ngc\/\"]}]},{\"@type\":\"ImageObject\",\"inLanguage\":\"es\",\"@id\":\"https:\/\/luizvolpato.com\/o-programa-do-complexo-industrial-apesar-de-extenso-e-bastante-simples-gerando-um-partido-e-uma-ocupacao-objetiva-archdaily-ngc\/#primaryimage\",\"url\":\"https:\/\/luizvolpato.com\/wp-content\/uploads\/2025\/01\/arch_ngc-e1736772312940.jpg\",\"contentUrl\":\"https:\/\/luizvolpato.com\/wp-content\/uploads\/2025\/01\/arch_ngc-e1736772312940.jpg\",\"width\":703,\"height\":564,\"caption\":\"A imagem mostra um edif\u00edcio industrial moderno com um design elegante e angular e um exterior escuro. Ele apresenta um logotipo verde da NGC na fachada. O edif\u00edcio \u00e9 cercado por um gramado bem cuidado e est\u00e1 situado contra um c\u00e9u azul claro. - Luiz Volpato Arquitetura\"},{\"@type\":\"BreadcrumbList\",\"@id\":\"https:\/\/luizvolpato.com\/o-programa-do-complexo-industrial-apesar-de-extenso-e-bastante-simples-gerando-um-partido-e-uma-ocupacao-objetiva-archdaily-ngc\/#breadcrumb\",\"itemListElement\":[{\"@type\":\"ListItem\",\"position\":1,\"name\":\"In\u00edcio\",\"item\":\"https:\/\/luizvolpato.com\/\"},{\"@type\":\"ListItem\",\"position\":2,\"name\":\"&#8220;O programa do complexo industrial apesar de extenso \u00e9 bastante simples, gerando um partido e uma ocupa\u00e7\u00e3o objetiva&#8230;&#8221; &#8211; ArchDaily \/ NGC.\"}]},{\"@type\":\"WebSite\",\"@id\":\"https:\/\/luizvolpato.com\/#website\",\"url\":\"https:\/\/luizvolpato.com\/\",\"name\":\"Luiz Volpato Arquitetura\",\"description\":\"\",\"potentialAction\":[{\"@type\":\"SearchAction\",\"target\":{\"@type\":\"EntryPoint\",\"urlTemplate\":\"https:\/\/luizvolpato.com\/?s={search_term_string}\"},\"query-input\":{\"@type\":\"PropertyValueSpecification\",\"valueRequired\":true,\"valueName\":\"search_term_string\"}}],\"inLanguage\":\"es\"},{\"@type\":\"Person\",\"@id\":\"https:\/\/luizvolpato.com\/#\/schema\/person\/b7360306d98aafd274d143273904240c\",\"name\":\"Midia LVArq\",\"image\":{\"@type\":\"ImageObject\",\"inLanguage\":\"es\",\"@id\":\"https:\/\/luizvolpato.com\/#\/schema\/person\/image\/\",\"url\":\"https:\/\/secure.gravatar.com\/avatar\/05a48b3795c07ab201a01968727560149bfbea42f991929edd860d5c666bf24a?s=96&d=mm&r=g\",\"contentUrl\":\"https:\/\/secure.gravatar.com\/avatar\/05a48b3795c07ab201a01968727560149bfbea42f991929edd860d5c666bf24a?s=96&d=mm&r=g\",\"caption\":\"Midia LVArq\"}}]}<\/script>\n<!-- \/ Yoast SEO plugin. -->","yoast_head_json":{"title":"\"O programa do complexo industrial apesar de extenso \u00e9 bastante simples, gerando um partido e uma ocupa\u00e7\u00e3o objetiva...\" - ArchDaily \/ NGC. - Luiz Volpato Arquitetura","description":"Confira a publica\u00e7\u00e3o do projeto arquitet\u00f4nico - NGC do Brasil - por Luiz Volpato Arquitetura em ArchDaily.","robots":{"index":"index","follow":"follow","max-snippet":"max-snippet:-1","max-image-preview":"max-image-preview:large","max-video-preview":"max-video-preview:-1"},"canonical":"https:\/\/luizvolpato.com\/es\/o-programa-do-complexo-industrial-apesar-de-extenso-e-bastante-simples-gerando-um-partido-e-uma-ocupacao-objetiva-archdaily-ngc\/","og_locale":"es_ES","og_type":"article","og_title":"\"O programa do complexo industrial apesar de extenso \u00e9 bastante simples, gerando um partido e uma ocupa\u00e7\u00e3o objetiva...\" - ArchDaily \/ NGC. - Luiz Volpato Arquitetura","og_description":"Confira a publica\u00e7\u00e3o do projeto arquitet\u00f4nico - NGC do Brasil - por Luiz Volpato Arquitetura em ArchDaily.","og_url":"https:\/\/luizvolpato.com\/es\/o-programa-do-complexo-industrial-apesar-de-extenso-e-bastante-simples-gerando-um-partido-e-uma-ocupacao-objetiva-archdaily-ngc\/","og_site_name":"Luiz Volpato Arquitetura","article_published_time":"2025-01-13T12:39:08+00:00","article_modified_time":"2025-01-14T13:47:00+00:00","og_image":[{"width":703,"height":564,"url":"https:\/\/luizvolpato.com\/wp-content\/uploads\/2025\/01\/arch_ngc-e1736772312940.jpg","type":"image\/jpeg"}],"author":"Midia LVArq","twitter_card":"summary_large_image","twitter_misc":{"Escrito por":"Midia LVArq","Tiempo de lectura":"1 minuto"},"schema":{"@context":"https:\/\/schema.org","@graph":[{"@type":"WebPage","@id":"https:\/\/luizvolpato.com\/o-programa-do-complexo-industrial-apesar-de-extenso-e-bastante-simples-gerando-um-partido-e-uma-ocupacao-objetiva-archdaily-ngc\/","url":"https:\/\/luizvolpato.com\/o-programa-do-complexo-industrial-apesar-de-extenso-e-bastante-simples-gerando-um-partido-e-uma-ocupacao-objetiva-archdaily-ngc\/","name":"\"O programa do complexo industrial apesar de extenso \u00e9 bastante simples, gerando um partido e uma ocupa\u00e7\u00e3o objetiva...\" - ArchDaily \/ NGC. - Luiz Volpato Arquitetura","isPartOf":{"@id":"https:\/\/luizvolpato.com\/#website"},"primaryImageOfPage":{"@id":"https:\/\/luizvolpato.com\/o-programa-do-complexo-industrial-apesar-de-extenso-e-bastante-simples-gerando-um-partido-e-uma-ocupacao-objetiva-archdaily-ngc\/#primaryimage"},"image":{"@id":"https:\/\/luizvolpato.com\/o-programa-do-complexo-industrial-apesar-de-extenso-e-bastante-simples-gerando-um-partido-e-uma-ocupacao-objetiva-archdaily-ngc\/#primaryimage"},"thumbnailUrl":"https:\/\/luizvolpato.com\/wp-content\/uploads\/2025\/01\/arch_ngc-e1736772312940.jpg","datePublished":"2025-01-13T12:39:08+00:00","dateModified":"2025-01-14T13:47:00+00:00","author":{"@id":"https:\/\/luizvolpato.com\/#\/schema\/person\/b7360306d98aafd274d143273904240c"},"description":"Confira a publica\u00e7\u00e3o do projeto arquitet\u00f4nico - NGC do Brasil - por Luiz Volpato Arquitetura em ArchDaily.","breadcrumb":{"@id":"https:\/\/luizvolpato.com\/o-programa-do-complexo-industrial-apesar-de-extenso-e-bastante-simples-gerando-um-partido-e-uma-ocupacao-objetiva-archdaily-ngc\/#breadcrumb"},"inLanguage":"es","potentialAction":[{"@type":"ReadAction","target":["https:\/\/luizvolpato.com\/o-programa-do-complexo-industrial-apesar-de-extenso-e-bastante-simples-gerando-um-partido-e-uma-ocupacao-objetiva-archdaily-ngc\/"]}]},{"@type":"ImageObject","inLanguage":"es","@id":"https:\/\/luizvolpato.com\/o-programa-do-complexo-industrial-apesar-de-extenso-e-bastante-simples-gerando-um-partido-e-uma-ocupacao-objetiva-archdaily-ngc\/#primaryimage","url":"https:\/\/luizvolpato.com\/wp-content\/uploads\/2025\/01\/arch_ngc-e1736772312940.jpg","contentUrl":"https:\/\/luizvolpato.com\/wp-content\/uploads\/2025\/01\/arch_ngc-e1736772312940.jpg","width":703,"height":564,"caption":"A imagem mostra um edif\u00edcio industrial moderno com um design elegante e angular e um exterior escuro. Ele apresenta um logotipo verde da NGC na fachada. O edif\u00edcio \u00e9 cercado por um gramado bem cuidado e est\u00e1 situado contra um c\u00e9u azul claro. - Luiz Volpato Arquitetura"},{"@type":"BreadcrumbList","@id":"https:\/\/luizvolpato.com\/o-programa-do-complexo-industrial-apesar-de-extenso-e-bastante-simples-gerando-um-partido-e-uma-ocupacao-objetiva-archdaily-ngc\/#breadcrumb","itemListElement":[{"@type":"ListItem","position":1,"name":"In\u00edcio","item":"https:\/\/luizvolpato.com\/"},{"@type":"ListItem","position":2,"name":"&#8220;O programa do complexo industrial apesar de extenso \u00e9 bastante simples, gerando um partido e uma ocupa\u00e7\u00e3o objetiva&#8230;&#8221; &#8211; ArchDaily \/ NGC."}]},{"@type":"WebSite","@id":"https:\/\/luizvolpato.com\/#website","url":"https:\/\/luizvolpato.com\/","name":"Luiz Volpato Arquitetura","description":"","potentialAction":[{"@type":"SearchAction","target":{"@type":"EntryPoint","urlTemplate":"https:\/\/luizvolpato.com\/?s={search_term_string}"},"query-input":{"@type":"PropertyValueSpecification","valueRequired":true,"valueName":"search_term_string"}}],"inLanguage":"es"},{"@type":"Person","@id":"https:\/\/luizvolpato.com\/#\/schema\/person\/b7360306d98aafd274d143273904240c","name":"Midia LVArq","image":{"@type":"ImageObject","inLanguage":"es","@id":"https:\/\/luizvolpato.com\/#\/schema\/person\/image\/","url":"https:\/\/secure.gravatar.com\/avatar\/05a48b3795c07ab201a01968727560149bfbea42f991929edd860d5c666bf24a?s=96&d=mm&r=g","contentUrl":"https:\/\/secure.gravatar.com\/avatar\/05a48b3795c07ab201a01968727560149bfbea42f991929edd860d5c666bf24a?s=96&d=mm&r=g","caption":"Midia LVArq"}}]}},"_links":{"self":[{"href":"https:\/\/luizvolpato.com\/es\/wp-json\/wp\/v2\/posts\/4402","targetHints":{"allow":["GET"]}}],"collection":[{"href":"https:\/\/luizvolpato.com\/es\/wp-json\/wp\/v2\/posts"}],"about":[{"href":"https:\/\/luizvolpato.com\/es\/wp-json\/wp\/v2\/types\/post"}],"author":[{"embeddable":true,"href":"https:\/\/luizvolpato.com\/es\/wp-json\/wp\/v2\/users\/6"}],"replies":[{"embeddable":true,"href":"https:\/\/luizvolpato.com\/es\/wp-json\/wp\/v2\/comments?post=4402"}],"version-history":[{"count":2,"href":"https:\/\/luizvolpato.com\/es\/wp-json\/wp\/v2\/posts\/4402\/revisions"}],"predecessor-version":[{"id":4472,"href":"https:\/\/luizvolpato.com\/es\/wp-json\/wp\/v2\/posts\/4402\/revisions\/4472"}],"wp:featuredmedia":[{"embeddable":true,"href":"https:\/\/luizvolpato.com\/es\/wp-json\/wp\/v2\/media\/4403"}],"wp:attachment":[{"href":"https:\/\/luizvolpato.com\/es\/wp-json\/wp\/v2\/media?parent=4402"}],"wp:term":[{"taxonomy":"category","embeddable":true,"href":"https:\/\/luizvolpato.com\/es\/wp-json\/wp\/v2\/categories?post=4402"},{"taxonomy":"post_tag","embeddable":true,"href":"https:\/\/luizvolpato.com\/es\/wp-json\/wp\/v2\/tags?post=4402"}],"curies":[{"name":"wp","href":"https:\/\/api.w.org\/{rel}","templated":true}]}}