{"id":5198,"date":"2025-07-17T09:42:59","date_gmt":"2025-07-17T12:42:59","guid":{"rendered":"https:\/\/luizvolpato.com\/?p=5198"},"modified":"2025-07-17T09:52:45","modified_gmt":"2025-07-17T12:52:45","slug":"em-audiencia-publica-na-vila-belmiro-santos-e-wtorre-apresentam-detalhes-da-construcao-da-nova-arena-por-santos-f-c","status":"publish","type":"post","link":"https:\/\/luizvolpato.com\/en\/em-audiencia-publica-na-vila-belmiro-santos-e-wtorre-apresentam-detalhes-da-construcao-da-nova-arena-por-santos-f-c\/","title":{"rendered":"\"In a public hearing at Vila Belmiro, Santos and WTorre present details of the construction of the new arena\" - By Santos F.C."},"content":{"rendered":"<figure class=\"wp-block-image size-large\"><img decoding=\"async\" width=\"1024\" height=\"1024\" data-src=\"https:\/\/luizvolpato.com\/wp-content\/uploads\/2025\/07\/1-1024x1024.png\" alt=\"Um homem segurando um microfone est\u00e1 de p\u00e9 e gesticula em dire\u00e7\u00e3o a um grande visor digital que mostra uma planta arquitet\u00f4nica. Em primeiro plano, uma mesa com garrafas de \u00e1gua e placas de identifica\u00e7\u00e3o \u00e9 vis\u00edvel, sugerindo uma apresenta\u00e7\u00e3o ou reuni\u00e3o profissional. - Luiz Volpato Arquitetura\" class=\"wp-image-5199 lazyload\" data-srcset=\"https:\/\/luizvolpato.com\/wp-content\/uploads\/2025\/07\/1-1024x1024.png 1024w, https:\/\/luizvolpato.com\/wp-content\/uploads\/2025\/07\/1-300x300.png 300w, https:\/\/luizvolpato.com\/wp-content\/uploads\/2025\/07\/1-150x150.png 150w, https:\/\/luizvolpato.com\/wp-content\/uploads\/2025\/07\/1-768x768.png 768w, https:\/\/luizvolpato.com\/wp-content\/uploads\/2025\/07\/1-12x12.png 12w, https:\/\/luizvolpato.com\/wp-content\/uploads\/2025\/07\/1.png 1080w\" data-sizes=\"(max-width: 1024px) 100vw, 1024px\" src=\"data:image\/svg+xml;base64,PHN2ZyB3aWR0aD0iMSIgaGVpZ2h0PSIxIiB4bWxucz0iaHR0cDovL3d3dy53My5vcmcvMjAwMC9zdmciPjwvc3ZnPg==\" style=\"--smush-placeholder-width: 1024px; --smush-placeholder-aspect-ratio: 1024\/1024;\" \/><\/figure>\n\n\n\n<figure class=\"wp-block-gallery has-nested-images columns-default is-cropped wp-block-gallery-1 is-layout-flex wp-block-gallery-is-layout-flex\">\n<figure class=\"wp-block-image size-large\"><img decoding=\"async\" width=\"1024\" height=\"1024\" data-id=\"5201\" data-src=\"https:\/\/luizvolpato.com\/wp-content\/uploads\/2025\/07\/1-1-1024x1024.png\" alt=\"\" class=\"wp-image-5201 lazyload\" data-srcset=\"https:\/\/luizvolpato.com\/wp-content\/uploads\/2025\/07\/1-1-1024x1024.png 1024w, https:\/\/luizvolpato.com\/wp-content\/uploads\/2025\/07\/1-1-300x300.png 300w, https:\/\/luizvolpato.com\/wp-content\/uploads\/2025\/07\/1-1-150x150.png 150w, https:\/\/luizvolpato.com\/wp-content\/uploads\/2025\/07\/1-1-768x768.png 768w, https:\/\/luizvolpato.com\/wp-content\/uploads\/2025\/07\/1-1-12x12.png 12w, https:\/\/luizvolpato.com\/wp-content\/uploads\/2025\/07\/1-1.png 1080w\" data-sizes=\"(max-width: 1024px) 100vw, 1024px\" src=\"data:image\/svg+xml;base64,PHN2ZyB3aWR0aD0iMSIgaGVpZ2h0PSIxIiB4bWxucz0iaHR0cDovL3d3dy53My5vcmcvMjAwMC9zdmciPjwvc3ZnPg==\" style=\"--smush-placeholder-width: 1024px; --smush-placeholder-aspect-ratio: 1024\/1024;\" \/><\/figure>\n\n\n\n<figure class=\"wp-block-image size-large\"><img decoding=\"async\" width=\"1024\" height=\"1024\" data-id=\"5200\" data-src=\"https:\/\/luizvolpato.com\/wp-content\/uploads\/2025\/07\/2-1024x1024.png\" alt=\"\" class=\"wp-image-5200 lazyload\" data-srcset=\"https:\/\/luizvolpato.com\/wp-content\/uploads\/2025\/07\/2-1024x1024.png 1024w, https:\/\/luizvolpato.com\/wp-content\/uploads\/2025\/07\/2-300x300.png 300w, https:\/\/luizvolpato.com\/wp-content\/uploads\/2025\/07\/2-150x150.png 150w, https:\/\/luizvolpato.com\/wp-content\/uploads\/2025\/07\/2-768x768.png 768w, https:\/\/luizvolpato.com\/wp-content\/uploads\/2025\/07\/2-12x12.png 12w, https:\/\/luizvolpato.com\/wp-content\/uploads\/2025\/07\/2.png 1080w\" data-sizes=\"(max-width: 1024px) 100vw, 1024px\" src=\"data:image\/svg+xml;base64,PHN2ZyB3aWR0aD0iMSIgaGVpZ2h0PSIxIiB4bWxucz0iaHR0cDovL3d3dy53My5vcmcvMjAwMC9zdmciPjwvc3ZnPg==\" style=\"--smush-placeholder-width: 1024px; --smush-placeholder-aspect-ratio: 1024\/1024;\" \/><\/figure>\n\n\n\n<figure class=\"wp-block-image size-large\"><img decoding=\"async\" width=\"1024\" height=\"1024\" data-id=\"5203\" data-src=\"https:\/\/luizvolpato.com\/wp-content\/uploads\/2025\/07\/3-1024x1024.png\" alt=\"\" class=\"wp-image-5203 lazyload\" data-srcset=\"https:\/\/luizvolpato.com\/wp-content\/uploads\/2025\/07\/3-1024x1024.png 1024w, https:\/\/luizvolpato.com\/wp-content\/uploads\/2025\/07\/3-300x300.png 300w, https:\/\/luizvolpato.com\/wp-content\/uploads\/2025\/07\/3-150x150.png 150w, https:\/\/luizvolpato.com\/wp-content\/uploads\/2025\/07\/3-768x768.png 768w, https:\/\/luizvolpato.com\/wp-content\/uploads\/2025\/07\/3-12x12.png 12w, https:\/\/luizvolpato.com\/wp-content\/uploads\/2025\/07\/3.png 1080w\" data-sizes=\"(max-width: 1024px) 100vw, 1024px\" src=\"data:image\/svg+xml;base64,PHN2ZyB3aWR0aD0iMSIgaGVpZ2h0PSIxIiB4bWxucz0iaHR0cDovL3d3dy53My5vcmcvMjAwMC9zdmciPjwvc3ZnPg==\" style=\"--smush-placeholder-width: 1024px; --smush-placeholder-aspect-ratio: 1024\/1024;\" \/><\/figure>\n<\/figure>\n\n\n\n<p>\ud83c\udfdf\ufe0f\ud83d\udea7 <strong>Public hearing on the new Santos FC Arena<\/strong><\/p>\n\n\n\n<p>Yesterday (May 14, 2015), a public hearing was held on the Impact Study of Large Developments in their Neighborhood (EIV), brilliantly conducted by the Secretary of the Environment, Urban Development and Sustainability, Glaucos Farinello, representing Santos City Hall.<br>Santos FC president Marcelo Teixeira opened the hearing, highlighting the importance of the new project for the club and the city of Santos.<\/p>\n\n\n\n<p>Architect Luiz Volpato, responsible for the project, presented the impacts that the new arena will have on the surrounding area. He focused his talk on three of the most important aspects, by comparing them with the stadium that will be demolished to make way for the new arena: height and shading, absorption capacity for vehicles and spectators, and issues related to noise levels and acoustics.<br>Volpato emphasized the great opportunity for development in the region that the construction will provide, not only because of the square that will be created around the stadium - with stores, services, street furniture, landscaping, lighting and visual signage - but also because of the areas further on, which have been affectionately named \"the paths of Vila\".<\/p>\n\n\n\n<p>The session began at 6:30 p.m., with the seats fully occupied by the community and its representatives, who listened attentively to all the presentations. Questions and contributions to improve the project were then opened up.<\/p>\n\n\n\n<p>The suggestions were recorded in the minutes, all the questions were answered by the technicians who made up the table, and the session went on until its conclusion. It was clear that the neighborhood supports the construction of the new arena, as long as the precautions - especially during construction - that were outlined during the session are followed.<\/p>\n\n\n\n<p>The public hearing is part of the legal rite and, when it is well conducted and well used by the community, it brings incontrovertible benefits for everyone. The project for the new arena is in the final stages of approval and, with the result of this hearing, the building permit should be issued shortly.<\/p>\n\n\n\n<p><strong>#novavilabelmiro #santosfc 1TP5Public hearing 1TP5Neighborhood impact 1TP5Sports architecture 1TP5Community architecture #luizvolpatoarchitecture #urbanism<\/strong><\/p>\n\n\n\n<p>\ud83d\udc47\ud83d\udcce <strong>Check out the full article: <\/strong><\/p>\n\n\n\n<p><a href=\"https:\/\/www.santosfc.com.br\/em-audiencia-publica-na-vila-belmiro-santos-e-wtorre-apresentam-detalhes-da-construcao-da-nova-arena\" target=\"_blank\" rel=\"noreferrer noopener\"><strong><em>https:\/\/www.santosfc.com.br\/em-audiencia-publica-na-vila-belmiro-santos-e-wtorre-apresentam-detalhes-da-construcao-da-nova-arena<\/em><\/strong><\/a><\/p>\n\n\n\n<p><\/p>","protected":false},"excerpt":{"rendered":"<p>\ud83c\udfdf\ufe0f\ud83d\udea7 Public hearing on the new Santos FC Arena Yesterday (14\/05\/25), a public hearing was held on the Impact Study of large developments in its vicinity (EIV), brilliantly conducted by the Secretary for the Environment, Urban Development and Sustainability, Glaucos Farinello, representing Santos City Hall.Santos FC's president, Marcelo Teixeira, made [...]<\/p>","protected":false},"author":6,"featured_media":5203,"comment_status":"open","ping_status":"open","sticky":false,"template":"","format":"standard","meta":{"_acf_changed":false,"footnotes":""},"categories":[1],"tags":[],"class_list":["post-5198","post","type-post","status-publish","format-standard","has-post-thumbnail","hentry","category-sem-categoria"],"acf":[],"yoast_head":"<!-- This site is optimized with the Yoast SEO plugin v25.4 - https:\/\/yoast.com\/wordpress\/plugins\/seo\/ -->\n<title>&quot;Em audi\u00eancia p\u00fablica na Vila Belmiro, Santos e WTorre apresentam detalhes da constru\u00e7\u00e3o da nova arena&quot; - Por Santos F.C. - Luiz Volpato Arquitetura<\/title>\n<meta name=\"description\" content=\"O arquiteto Luiz Volpato, respons\u00e1vel pelo projeto, apresentou os impactos que a nova arena trar\u00e1 para o entorno.\" \/>\n<meta name=\"robots\" content=\"index, follow, max-snippet:-1, max-image-preview:large, max-video-preview:-1\" \/>\n<link rel=\"canonical\" href=\"https:\/\/luizvolpato.com\/en\/em-audiencia-publica-na-vila-belmiro-santos-e-wtorre-apresentam-detalhes-da-construcao-da-nova-arena-por-santos-f-c\/\" \/>\n<meta property=\"og:locale\" content=\"en_US\" \/>\n<meta property=\"og:type\" content=\"article\" \/>\n<meta property=\"og:title\" content=\"&quot;Em audi\u00eancia p\u00fablica na Vila Belmiro, Santos e WTorre apresentam detalhes da constru\u00e7\u00e3o da nova arena&quot; - Por Santos F.C. - Luiz Volpato Arquitetura\" \/>\n<meta property=\"og:description\" content=\"O arquiteto Luiz Volpato, respons\u00e1vel pelo projeto, apresentou os impactos que a nova arena trar\u00e1 para o entorno.\" \/>\n<meta property=\"og:url\" content=\"https:\/\/luizvolpato.com\/en\/em-audiencia-publica-na-vila-belmiro-santos-e-wtorre-apresentam-detalhes-da-construcao-da-nova-arena-por-santos-f-c\/\" \/>\n<meta property=\"og:site_name\" content=\"Luiz Volpato Arquitetura\" \/>\n<meta property=\"article:published_time\" content=\"2025-07-17T12:42:59+00:00\" \/>\n<meta property=\"article:modified_time\" content=\"2025-07-17T12:52:45+00:00\" \/>\n<meta property=\"og:image\" content=\"https:\/\/luizvolpato.com\/wp-content\/uploads\/2025\/07\/3.png\" \/>\n\t<meta property=\"og:image:width\" content=\"1080\" \/>\n\t<meta property=\"og:image:height\" content=\"1080\" \/>\n\t<meta property=\"og:image:type\" content=\"image\/png\" \/>\n<meta name=\"author\" content=\"Midia LVArq\" \/>\n<meta name=\"twitter:card\" content=\"summary_large_image\" \/>\n<meta name=\"twitter:label1\" content=\"Written by\" \/>\n\t<meta name=\"twitter:data1\" content=\"Midia LVArq\" \/>\n\t<meta name=\"twitter:label2\" content=\"Est. reading time\" \/>\n\t<meta name=\"twitter:data2\" content=\"3 minutes\" \/>\n<script type=\"application\/ld+json\" class=\"yoast-schema-graph\">{\"@context\":\"https:\/\/schema.org\",\"@graph\":[{\"@type\":\"WebPage\",\"@id\":\"https:\/\/luizvolpato.com\/em-audiencia-publica-na-vila-belmiro-santos-e-wtorre-apresentam-detalhes-da-construcao-da-nova-arena-por-santos-f-c\/\",\"url\":\"https:\/\/luizvolpato.com\/em-audiencia-publica-na-vila-belmiro-santos-e-wtorre-apresentam-detalhes-da-construcao-da-nova-arena-por-santos-f-c\/\",\"name\":\"\\\"Em audi\u00eancia p\u00fablica na Vila Belmiro, Santos e WTorre apresentam detalhes da constru\u00e7\u00e3o da nova arena\\\" - Por Santos F.C. - Luiz Volpato Arquitetura\",\"isPartOf\":{\"@id\":\"https:\/\/luizvolpato.com\/#website\"},\"primaryImageOfPage\":{\"@id\":\"https:\/\/luizvolpato.com\/em-audiencia-publica-na-vila-belmiro-santos-e-wtorre-apresentam-detalhes-da-construcao-da-nova-arena-por-santos-f-c\/#primaryimage\"},\"image\":{\"@id\":\"https:\/\/luizvolpato.com\/em-audiencia-publica-na-vila-belmiro-santos-e-wtorre-apresentam-detalhes-da-construcao-da-nova-arena-por-santos-f-c\/#primaryimage\"},\"thumbnailUrl\":\"https:\/\/luizvolpato.com\/wp-content\/uploads\/2025\/07\/3.png\",\"datePublished\":\"2025-07-17T12:42:59+00:00\",\"dateModified\":\"2025-07-17T12:52:45+00:00\",\"author\":{\"@id\":\"https:\/\/luizvolpato.com\/#\/schema\/person\/b7360306d98aafd274d143273904240c\"},\"description\":\"O arquiteto Luiz Volpato, respons\u00e1vel pelo projeto, apresentou os impactos que a nova arena trar\u00e1 para o entorno.\",\"breadcrumb\":{\"@id\":\"https:\/\/luizvolpato.com\/em-audiencia-publica-na-vila-belmiro-santos-e-wtorre-apresentam-detalhes-da-construcao-da-nova-arena-por-santos-f-c\/#breadcrumb\"},\"inLanguage\":\"en-US\",\"potentialAction\":[{\"@type\":\"ReadAction\",\"target\":[\"https:\/\/luizvolpato.com\/em-audiencia-publica-na-vila-belmiro-santos-e-wtorre-apresentam-detalhes-da-construcao-da-nova-arena-por-santos-f-c\/\"]}]},{\"@type\":\"ImageObject\",\"inLanguage\":\"en-US\",\"@id\":\"https:\/\/luizvolpato.com\/em-audiencia-publica-na-vila-belmiro-santos-e-wtorre-apresentam-detalhes-da-construcao-da-nova-arena-por-santos-f-c\/#primaryimage\",\"url\":\"https:\/\/luizvolpato.com\/wp-content\/uploads\/2025\/07\/3.png\",\"contentUrl\":\"https:\/\/luizvolpato.com\/wp-content\/uploads\/2025\/07\/3.png\",\"width\":1080,\"height\":1080,\"caption\":\"Um homem se levanta e fala em um microfone em uma mesa com seis homens sentados. Placas de identifica\u00e7\u00e3o, garrafas de \u00e1gua e pap\u00e9is est\u00e3o sobre a mesa. Atr\u00e1s deles, h\u00e1 um grande logotipo de clube esportivo iluminado em uma cortina preta. O cen\u00e1rio parece ser uma reuni\u00e3o formal ou um evento de imprensa. - Luiz Volpato Arquitetura\"},{\"@type\":\"BreadcrumbList\",\"@id\":\"https:\/\/luizvolpato.com\/em-audiencia-publica-na-vila-belmiro-santos-e-wtorre-apresentam-detalhes-da-construcao-da-nova-arena-por-santos-f-c\/#breadcrumb\",\"itemListElement\":[{\"@type\":\"ListItem\",\"position\":1,\"name\":\"In\u00edcio\",\"item\":\"https:\/\/luizvolpato.com\/\"},{\"@type\":\"ListItem\",\"position\":2,\"name\":\"&#8220;Em audi\u00eancia p\u00fablica na Vila Belmiro, Santos e WTorre apresentam detalhes da constru\u00e7\u00e3o da nova arena&#8221; &#8211; Por Santos F.C.\"}]},{\"@type\":\"WebSite\",\"@id\":\"https:\/\/luizvolpato.com\/#website\",\"url\":\"https:\/\/luizvolpato.com\/\",\"name\":\"Luiz Volpato Arquitetura\",\"description\":\"\",\"potentialAction\":[{\"@type\":\"SearchAction\",\"target\":{\"@type\":\"EntryPoint\",\"urlTemplate\":\"https:\/\/luizvolpato.com\/?s={search_term_string}\"},\"query-input\":{\"@type\":\"PropertyValueSpecification\",\"valueRequired\":true,\"valueName\":\"search_term_string\"}}],\"inLanguage\":\"en-US\"},{\"@type\":\"Person\",\"@id\":\"https:\/\/luizvolpato.com\/#\/schema\/person\/b7360306d98aafd274d143273904240c\",\"name\":\"Midia LVArq\",\"image\":{\"@type\":\"ImageObject\",\"inLanguage\":\"en-US\",\"@id\":\"https:\/\/luizvolpato.com\/#\/schema\/person\/image\/\",\"url\":\"https:\/\/secure.gravatar.com\/avatar\/05a48b3795c07ab201a01968727560149bfbea42f991929edd860d5c666bf24a?s=96&d=mm&r=g\",\"contentUrl\":\"https:\/\/secure.gravatar.com\/avatar\/05a48b3795c07ab201a01968727560149bfbea42f991929edd860d5c666bf24a?s=96&d=mm&r=g\",\"caption\":\"Midia LVArq\"}}]}<\/script>\n<!-- \/ Yoast SEO plugin. -->","yoast_head_json":{"title":"\"Em audi\u00eancia p\u00fablica na Vila Belmiro, Santos e WTorre apresentam detalhes da constru\u00e7\u00e3o da nova arena\" - Por Santos F.C. - Luiz Volpato Arquitetura","description":"O arquiteto Luiz Volpato, respons\u00e1vel pelo projeto, apresentou os impactos que a nova arena trar\u00e1 para o entorno.","robots":{"index":"index","follow":"follow","max-snippet":"max-snippet:-1","max-image-preview":"max-image-preview:large","max-video-preview":"max-video-preview:-1"},"canonical":"https:\/\/luizvolpato.com\/en\/em-audiencia-publica-na-vila-belmiro-santos-e-wtorre-apresentam-detalhes-da-construcao-da-nova-arena-por-santos-f-c\/","og_locale":"en_US","og_type":"article","og_title":"\"Em audi\u00eancia p\u00fablica na Vila Belmiro, Santos e WTorre apresentam detalhes da constru\u00e7\u00e3o da nova arena\" - Por Santos F.C. - Luiz Volpato Arquitetura","og_description":"O arquiteto Luiz Volpato, respons\u00e1vel pelo projeto, apresentou os impactos que a nova arena trar\u00e1 para o entorno.","og_url":"https:\/\/luizvolpato.com\/en\/em-audiencia-publica-na-vila-belmiro-santos-e-wtorre-apresentam-detalhes-da-construcao-da-nova-arena-por-santos-f-c\/","og_site_name":"Luiz Volpato Arquitetura","article_published_time":"2025-07-17T12:42:59+00:00","article_modified_time":"2025-07-17T12:52:45+00:00","og_image":[{"width":1080,"height":1080,"url":"https:\/\/luizvolpato.com\/wp-content\/uploads\/2025\/07\/3.png","type":"image\/png"}],"author":"Midia LVArq","twitter_card":"summary_large_image","twitter_misc":{"Written by":"Midia LVArq","Est. reading time":"3 minutes"},"schema":{"@context":"https:\/\/schema.org","@graph":[{"@type":"WebPage","@id":"https:\/\/luizvolpato.com\/em-audiencia-publica-na-vila-belmiro-santos-e-wtorre-apresentam-detalhes-da-construcao-da-nova-arena-por-santos-f-c\/","url":"https:\/\/luizvolpato.com\/em-audiencia-publica-na-vila-belmiro-santos-e-wtorre-apresentam-detalhes-da-construcao-da-nova-arena-por-santos-f-c\/","name":"\"Em audi\u00eancia p\u00fablica na Vila Belmiro, Santos e WTorre apresentam detalhes da constru\u00e7\u00e3o da nova arena\" - Por Santos F.C. - Luiz Volpato Arquitetura","isPartOf":{"@id":"https:\/\/luizvolpato.com\/#website"},"primaryImageOfPage":{"@id":"https:\/\/luizvolpato.com\/em-audiencia-publica-na-vila-belmiro-santos-e-wtorre-apresentam-detalhes-da-construcao-da-nova-arena-por-santos-f-c\/#primaryimage"},"image":{"@id":"https:\/\/luizvolpato.com\/em-audiencia-publica-na-vila-belmiro-santos-e-wtorre-apresentam-detalhes-da-construcao-da-nova-arena-por-santos-f-c\/#primaryimage"},"thumbnailUrl":"https:\/\/luizvolpato.com\/wp-content\/uploads\/2025\/07\/3.png","datePublished":"2025-07-17T12:42:59+00:00","dateModified":"2025-07-17T12:52:45+00:00","author":{"@id":"https:\/\/luizvolpato.com\/#\/schema\/person\/b7360306d98aafd274d143273904240c"},"description":"O arquiteto Luiz Volpato, respons\u00e1vel pelo projeto, apresentou os impactos que a nova arena trar\u00e1 para o entorno.","breadcrumb":{"@id":"https:\/\/luizvolpato.com\/em-audiencia-publica-na-vila-belmiro-santos-e-wtorre-apresentam-detalhes-da-construcao-da-nova-arena-por-santos-f-c\/#breadcrumb"},"inLanguage":"en-US","potentialAction":[{"@type":"ReadAction","target":["https:\/\/luizvolpato.com\/em-audiencia-publica-na-vila-belmiro-santos-e-wtorre-apresentam-detalhes-da-construcao-da-nova-arena-por-santos-f-c\/"]}]},{"@type":"ImageObject","inLanguage":"en-US","@id":"https:\/\/luizvolpato.com\/em-audiencia-publica-na-vila-belmiro-santos-e-wtorre-apresentam-detalhes-da-construcao-da-nova-arena-por-santos-f-c\/#primaryimage","url":"https:\/\/luizvolpato.com\/wp-content\/uploads\/2025\/07\/3.png","contentUrl":"https:\/\/luizvolpato.com\/wp-content\/uploads\/2025\/07\/3.png","width":1080,"height":1080,"caption":"Um homem se levanta e fala em um microfone em uma mesa com seis homens sentados. Placas de identifica\u00e7\u00e3o, garrafas de \u00e1gua e pap\u00e9is est\u00e3o sobre a mesa. Atr\u00e1s deles, h\u00e1 um grande logotipo de clube esportivo iluminado em uma cortina preta. O cen\u00e1rio parece ser uma reuni\u00e3o formal ou um evento de imprensa. - Luiz Volpato Arquitetura"},{"@type":"BreadcrumbList","@id":"https:\/\/luizvolpato.com\/em-audiencia-publica-na-vila-belmiro-santos-e-wtorre-apresentam-detalhes-da-construcao-da-nova-arena-por-santos-f-c\/#breadcrumb","itemListElement":[{"@type":"ListItem","position":1,"name":"In\u00edcio","item":"https:\/\/luizvolpato.com\/"},{"@type":"ListItem","position":2,"name":"&#8220;Em audi\u00eancia p\u00fablica na Vila Belmiro, Santos e WTorre apresentam detalhes da constru\u00e7\u00e3o da nova arena&#8221; &#8211; Por Santos F.C."}]},{"@type":"WebSite","@id":"https:\/\/luizvolpato.com\/#website","url":"https:\/\/luizvolpato.com\/","name":"Luiz Volpato Arquitetura","description":"","potentialAction":[{"@type":"SearchAction","target":{"@type":"EntryPoint","urlTemplate":"https:\/\/luizvolpato.com\/?s={search_term_string}"},"query-input":{"@type":"PropertyValueSpecification","valueRequired":true,"valueName":"search_term_string"}}],"inLanguage":"en-US"},{"@type":"Person","@id":"https:\/\/luizvolpato.com\/#\/schema\/person\/b7360306d98aafd274d143273904240c","name":"Midia LVArq","image":{"@type":"ImageObject","inLanguage":"en-US","@id":"https:\/\/luizvolpato.com\/#\/schema\/person\/image\/","url":"https:\/\/secure.gravatar.com\/avatar\/05a48b3795c07ab201a01968727560149bfbea42f991929edd860d5c666bf24a?s=96&d=mm&r=g","contentUrl":"https:\/\/secure.gravatar.com\/avatar\/05a48b3795c07ab201a01968727560149bfbea42f991929edd860d5c666bf24a?s=96&d=mm&r=g","caption":"Midia LVArq"}}]}},"_links":{"self":[{"href":"https:\/\/luizvolpato.com\/en\/wp-json\/wp\/v2\/posts\/5198","targetHints":{"allow":["GET"]}}],"collection":[{"href":"https:\/\/luizvolpato.com\/en\/wp-json\/wp\/v2\/posts"}],"about":[{"href":"https:\/\/luizvolpato.com\/en\/wp-json\/wp\/v2\/types\/post"}],"author":[{"embeddable":true,"href":"https:\/\/luizvolpato.com\/en\/wp-json\/wp\/v2\/users\/6"}],"replies":[{"embeddable":true,"href":"https:\/\/luizvolpato.com\/en\/wp-json\/wp\/v2\/comments?post=5198"}],"version-history":[{"count":3,"href":"https:\/\/luizvolpato.com\/en\/wp-json\/wp\/v2\/posts\/5198\/revisions"}],"predecessor-version":[{"id":5211,"href":"https:\/\/luizvolpato.com\/en\/wp-json\/wp\/v2\/posts\/5198\/revisions\/5211"}],"wp:featuredmedia":[{"embeddable":true,"href":"https:\/\/luizvolpato.com\/en\/wp-json\/wp\/v2\/media\/5203"}],"wp:attachment":[{"href":"https:\/\/luizvolpato.com\/en\/wp-json\/wp\/v2\/media?parent=5198"}],"wp:term":[{"taxonomy":"category","embeddable":true,"href":"https:\/\/luizvolpato.com\/en\/wp-json\/wp\/v2\/categories?post=5198"},{"taxonomy":"post_tag","embeddable":true,"href":"https:\/\/luizvolpato.com\/en\/wp-json\/wp\/v2\/tags?post=5198"}],"curies":[{"name":"wp","href":"https:\/\/api.w.org\/{rel}","templated":true}]}}