{"id":4513,"date":"2025-01-21T08:54:53","date_gmt":"2025-01-21T11:54:53","guid":{"rendered":"https:\/\/luizvolpato.com\/?p=4513"},"modified":"2025-01-21T08:54:55","modified_gmt":"2025-01-21T11:54:55","slug":"a-casa-burgel-uma-entrevista-com-luiz-volpato-por-galeria-da-arquitetura","status":"publish","type":"post","link":"https:\/\/luizvolpato.com\/en\/a-casa-burgel-uma-entrevista-com-luiz-volpato-por-galeria-da-arquitetura\/","title":{"rendered":"The B\u00fcrgel House, an interview with Luiz Volpato- By Architecture Gallery"},"content":{"rendered":"<figure class=\"wp-block-gallery has-nested-images columns-default is-cropped wp-block-gallery-1 is-layout-flex wp-block-gallery-is-layout-flex\">\n<figure class=\"wp-block-image size-large\"><img decoding=\"async\" width=\"1024\" height=\"521\" data-id=\"4363\" data-src=\"https:\/\/luizvolpato.com\/wp-content\/uploads\/2024\/12\/Capturar.JPGffdsd-1024x521.jpg\" alt=\"\" class=\"wp-image-4363 lazyload\" data-srcset=\"https:\/\/luizvolpato.com\/wp-content\/uploads\/2024\/12\/Capturar.JPGffdsd-1024x521.jpg 1024w, https:\/\/luizvolpato.com\/wp-content\/uploads\/2024\/12\/Capturar.JPGffdsd-300x153.jpg 300w, https:\/\/luizvolpato.com\/wp-content\/uploads\/2024\/12\/Capturar.JPGffdsd-768x391.jpg 768w, https:\/\/luizvolpato.com\/wp-content\/uploads\/2024\/12\/Capturar.JPGffdsd-18x9.jpg 18w, https:\/\/luizvolpato.com\/wp-content\/uploads\/2024\/12\/Capturar.JPGffdsd.jpg 1364w\" data-sizes=\"(max-width: 1024px) 100vw, 1024px\" src=\"data:image\/svg+xml;base64,PHN2ZyB3aWR0aD0iMSIgaGVpZ2h0PSIxIiB4bWxucz0iaHR0cDovL3d3dy53My5vcmcvMjAwMC9zdmciPjwvc3ZnPg==\" style=\"--smush-placeholder-width: 1024px; --smush-placeholder-aspect-ratio: 1024\/521;\" \/><\/figure>\n<\/figure>\n\n\n\n<p><strong>Balance Visibility<\/strong><br><br>\"Designed to meet the needs of an advertising executive who wanted a cozy home for a small future family, Casa B\u00fcrgel is a project by Luiz Volpato Arquitetura, defined by the interaction between the work and an exuberant forest. Located in Curitiba, Paran\u00e1, the residence has been given a disruptive architecture marked by delicate contact with the surrounding nature, which can be seen from all points around the structure...\"<br><br>See the full article at: <br><br><a href=\"https:\/\/www.galeriadaarquitetura.com.br\/projeto\/luiz-volpato-arquitetura\/casa-burgel\/7274\" target=\"_blank\" rel=\"noreferrer noopener\"><strong>https:\/\/www.galeriadaarquitetura.com.br\/projeto\/luiz-volpato-arquitetura\/casa-burgel\/7274<\/strong><\/a><\/p>","protected":false},"excerpt":{"rendered":"<p>Visibility in Balance \"Designed to meet the needs of an advertising executive who wanted a cozy home for a small future family, Casa B\u00fcrgel is a project by Luiz Volpato Arquitetura, defined by the interaction between the work and a lush forest. Located in Curitiba, Paran\u00e1, the residence has a disruptive architecture marked by [...]<\/p>","protected":false},"author":6,"featured_media":4365,"comment_status":"open","ping_status":"open","sticky":false,"template":"","format":"standard","meta":{"_acf_changed":false,"footnotes":""},"categories":[1],"tags":[],"class_list":["post-4513","post","type-post","status-publish","format-standard","has-post-thumbnail","hentry","category-sem-categoria"],"acf":[],"yoast_head":"<!-- This site is optimized with the Yoast SEO plugin v25.4 - https:\/\/yoast.com\/wordpress\/plugins\/seo\/ -->\n<title>A Casa B\u00fcrgel, uma entrevista com Luiz Volpato- Por Galeria da Arquitetura - Luiz Volpato Arquitetura<\/title>\n<meta name=\"description\" content=\"Confira a entrevista de Luiz Volpato sobre o projeto Casa B\u00fcrgel, de Luiz Volpato Arquitetura, para Galeria da Arquitetura.\" \/>\n<meta name=\"robots\" content=\"index, follow, max-snippet:-1, max-image-preview:large, max-video-preview:-1\" \/>\n<link rel=\"canonical\" href=\"https:\/\/luizvolpato.com\/en\/a-casa-burgel-uma-entrevista-com-luiz-volpato-por-galeria-da-arquitetura\/\" \/>\n<meta property=\"og:locale\" content=\"en_US\" \/>\n<meta property=\"og:type\" content=\"article\" \/>\n<meta property=\"og:title\" content=\"A Casa B\u00fcrgel, uma entrevista com Luiz Volpato- Por Galeria da Arquitetura - Luiz Volpato Arquitetura\" \/>\n<meta property=\"og:description\" content=\"Confira a entrevista de Luiz Volpato sobre o projeto Casa B\u00fcrgel, de Luiz Volpato Arquitetura, para Galeria da Arquitetura.\" \/>\n<meta property=\"og:url\" content=\"https:\/\/luizvolpato.com\/en\/a-casa-burgel-uma-entrevista-com-luiz-volpato-por-galeria-da-arquitetura\/\" \/>\n<meta property=\"og:site_name\" content=\"Luiz Volpato Arquitetura\" \/>\n<meta property=\"article:published_time\" content=\"2025-01-21T11:54:53+00:00\" \/>\n<meta property=\"article:modified_time\" content=\"2025-01-21T11:54:55+00:00\" \/>\n<meta property=\"og:image\" content=\"https:\/\/luizvolpato.com\/wp-content\/uploads\/2024\/12\/WhatsApp-Image-2024-11-28-at-16.31.35-1-scaled.jpeg\" \/>\n\t<meta property=\"og:image:width\" content=\"1706\" \/>\n\t<meta property=\"og:image:height\" content=\"2560\" \/>\n\t<meta property=\"og:image:type\" content=\"image\/jpeg\" \/>\n<meta name=\"author\" content=\"Midia LVArq\" \/>\n<meta name=\"twitter:card\" content=\"summary_large_image\" \/>\n<meta name=\"twitter:label1\" content=\"Written by\" \/>\n\t<meta name=\"twitter:data1\" content=\"Midia LVArq\" \/>\n\t<meta name=\"twitter:label2\" content=\"Est. reading time\" \/>\n\t<meta name=\"twitter:data2\" content=\"1 minute\" \/>\n<script type=\"application\/ld+json\" class=\"yoast-schema-graph\">{\"@context\":\"https:\/\/schema.org\",\"@graph\":[{\"@type\":\"WebPage\",\"@id\":\"https:\/\/luizvolpato.com\/a-casa-burgel-uma-entrevista-com-luiz-volpato-por-galeria-da-arquitetura\/\",\"url\":\"https:\/\/luizvolpato.com\/a-casa-burgel-uma-entrevista-com-luiz-volpato-por-galeria-da-arquitetura\/\",\"name\":\"A Casa B\u00fcrgel, uma entrevista com Luiz Volpato- Por Galeria da Arquitetura - Luiz Volpato Arquitetura\",\"isPartOf\":{\"@id\":\"https:\/\/luizvolpato.com\/#website\"},\"primaryImageOfPage\":{\"@id\":\"https:\/\/luizvolpato.com\/a-casa-burgel-uma-entrevista-com-luiz-volpato-por-galeria-da-arquitetura\/#primaryimage\"},\"image\":{\"@id\":\"https:\/\/luizvolpato.com\/a-casa-burgel-uma-entrevista-com-luiz-volpato-por-galeria-da-arquitetura\/#primaryimage\"},\"thumbnailUrl\":\"https:\/\/luizvolpato.com\/wp-content\/uploads\/2024\/12\/WhatsApp-Image-2024-11-28-at-16.31.35-1-scaled.jpeg\",\"datePublished\":\"2025-01-21T11:54:53+00:00\",\"dateModified\":\"2025-01-21T11:54:55+00:00\",\"author\":{\"@id\":\"https:\/\/luizvolpato.com\/#\/schema\/person\/b7360306d98aafd274d143273904240c\"},\"description\":\"Confira a entrevista de Luiz Volpato sobre o projeto Casa B\u00fcrgel, de Luiz Volpato Arquitetura, para Galeria da Arquitetura.\",\"breadcrumb\":{\"@id\":\"https:\/\/luizvolpato.com\/a-casa-burgel-uma-entrevista-com-luiz-volpato-por-galeria-da-arquitetura\/#breadcrumb\"},\"inLanguage\":\"en-US\",\"potentialAction\":[{\"@type\":\"ReadAction\",\"target\":[\"https:\/\/luizvolpato.com\/a-casa-burgel-uma-entrevista-com-luiz-volpato-por-galeria-da-arquitetura\/\"]}]},{\"@type\":\"ImageObject\",\"inLanguage\":\"en-US\",\"@id\":\"https:\/\/luizvolpato.com\/a-casa-burgel-uma-entrevista-com-luiz-volpato-por-galeria-da-arquitetura\/#primaryimage\",\"url\":\"https:\/\/luizvolpato.com\/wp-content\/uploads\/2024\/12\/WhatsApp-Image-2024-11-28-at-16.31.35-1-scaled.jpeg\",\"contentUrl\":\"https:\/\/luizvolpato.com\/wp-content\/uploads\/2024\/12\/WhatsApp-Image-2024-11-28-at-16.31.35-1-scaled.jpeg\",\"width\":1706,\"height\":2560,\"caption\":\"Um homem de camisa preta est\u00e1 sentado em uma mesa de madeira, desenhando em um caderno com marcadores coloridos. Uma c\u00e2mera de filmagem est\u00e1 posicionada em primeiro plano, capturando a cena. O fundo apresenta uma parede de tijolos e uma pessoa desfocada em branco perto de uma \u00e1rea de bar. - Luiz Volpato Arquitetura\"},{\"@type\":\"BreadcrumbList\",\"@id\":\"https:\/\/luizvolpato.com\/a-casa-burgel-uma-entrevista-com-luiz-volpato-por-galeria-da-arquitetura\/#breadcrumb\",\"itemListElement\":[{\"@type\":\"ListItem\",\"position\":1,\"name\":\"In\u00edcio\",\"item\":\"https:\/\/luizvolpato.com\/\"},{\"@type\":\"ListItem\",\"position\":2,\"name\":\"A Casa B\u00fcrgel, uma entrevista com Luiz Volpato- Por Galeria da Arquitetura\"}]},{\"@type\":\"WebSite\",\"@id\":\"https:\/\/luizvolpato.com\/#website\",\"url\":\"https:\/\/luizvolpato.com\/\",\"name\":\"Luiz Volpato Arquitetura\",\"description\":\"\",\"potentialAction\":[{\"@type\":\"SearchAction\",\"target\":{\"@type\":\"EntryPoint\",\"urlTemplate\":\"https:\/\/luizvolpato.com\/?s={search_term_string}\"},\"query-input\":{\"@type\":\"PropertyValueSpecification\",\"valueRequired\":true,\"valueName\":\"search_term_string\"}}],\"inLanguage\":\"en-US\"},{\"@type\":\"Person\",\"@id\":\"https:\/\/luizvolpato.com\/#\/schema\/person\/b7360306d98aafd274d143273904240c\",\"name\":\"Midia LVArq\",\"image\":{\"@type\":\"ImageObject\",\"inLanguage\":\"en-US\",\"@id\":\"https:\/\/luizvolpato.com\/#\/schema\/person\/image\/\",\"url\":\"https:\/\/secure.gravatar.com\/avatar\/05a48b3795c07ab201a01968727560149bfbea42f991929edd860d5c666bf24a?s=96&d=mm&r=g\",\"contentUrl\":\"https:\/\/secure.gravatar.com\/avatar\/05a48b3795c07ab201a01968727560149bfbea42f991929edd860d5c666bf24a?s=96&d=mm&r=g\",\"caption\":\"Midia LVArq\"}}]}<\/script>\n<!-- \/ Yoast SEO plugin. -->","yoast_head_json":{"title":"A Casa B\u00fcrgel, uma entrevista com Luiz Volpato- Por Galeria da Arquitetura - Luiz Volpato Arquitetura","description":"Confira a entrevista de Luiz Volpato sobre o projeto Casa B\u00fcrgel, de Luiz Volpato Arquitetura, para Galeria da Arquitetura.","robots":{"index":"index","follow":"follow","max-snippet":"max-snippet:-1","max-image-preview":"max-image-preview:large","max-video-preview":"max-video-preview:-1"},"canonical":"https:\/\/luizvolpato.com\/en\/a-casa-burgel-uma-entrevista-com-luiz-volpato-por-galeria-da-arquitetura\/","og_locale":"en_US","og_type":"article","og_title":"A Casa B\u00fcrgel, uma entrevista com Luiz Volpato- Por Galeria da Arquitetura - Luiz Volpato Arquitetura","og_description":"Confira a entrevista de Luiz Volpato sobre o projeto Casa B\u00fcrgel, de Luiz Volpato Arquitetura, para Galeria da Arquitetura.","og_url":"https:\/\/luizvolpato.com\/en\/a-casa-burgel-uma-entrevista-com-luiz-volpato-por-galeria-da-arquitetura\/","og_site_name":"Luiz Volpato Arquitetura","article_published_time":"2025-01-21T11:54:53+00:00","article_modified_time":"2025-01-21T11:54:55+00:00","og_image":[{"width":1706,"height":2560,"url":"https:\/\/luizvolpato.com\/wp-content\/uploads\/2024\/12\/WhatsApp-Image-2024-11-28-at-16.31.35-1-scaled.jpeg","type":"image\/jpeg"}],"author":"Midia LVArq","twitter_card":"summary_large_image","twitter_misc":{"Written by":"Midia LVArq","Est. reading time":"1 minute"},"schema":{"@context":"https:\/\/schema.org","@graph":[{"@type":"WebPage","@id":"https:\/\/luizvolpato.com\/a-casa-burgel-uma-entrevista-com-luiz-volpato-por-galeria-da-arquitetura\/","url":"https:\/\/luizvolpato.com\/a-casa-burgel-uma-entrevista-com-luiz-volpato-por-galeria-da-arquitetura\/","name":"A Casa B\u00fcrgel, uma entrevista com Luiz Volpato- Por Galeria da Arquitetura - Luiz Volpato Arquitetura","isPartOf":{"@id":"https:\/\/luizvolpato.com\/#website"},"primaryImageOfPage":{"@id":"https:\/\/luizvolpato.com\/a-casa-burgel-uma-entrevista-com-luiz-volpato-por-galeria-da-arquitetura\/#primaryimage"},"image":{"@id":"https:\/\/luizvolpato.com\/a-casa-burgel-uma-entrevista-com-luiz-volpato-por-galeria-da-arquitetura\/#primaryimage"},"thumbnailUrl":"https:\/\/luizvolpato.com\/wp-content\/uploads\/2024\/12\/WhatsApp-Image-2024-11-28-at-16.31.35-1-scaled.jpeg","datePublished":"2025-01-21T11:54:53+00:00","dateModified":"2025-01-21T11:54:55+00:00","author":{"@id":"https:\/\/luizvolpato.com\/#\/schema\/person\/b7360306d98aafd274d143273904240c"},"description":"Confira a entrevista de Luiz Volpato sobre o projeto Casa B\u00fcrgel, de Luiz Volpato Arquitetura, para Galeria da Arquitetura.","breadcrumb":{"@id":"https:\/\/luizvolpato.com\/a-casa-burgel-uma-entrevista-com-luiz-volpato-por-galeria-da-arquitetura\/#breadcrumb"},"inLanguage":"en-US","potentialAction":[{"@type":"ReadAction","target":["https:\/\/luizvolpato.com\/a-casa-burgel-uma-entrevista-com-luiz-volpato-por-galeria-da-arquitetura\/"]}]},{"@type":"ImageObject","inLanguage":"en-US","@id":"https:\/\/luizvolpato.com\/a-casa-burgel-uma-entrevista-com-luiz-volpato-por-galeria-da-arquitetura\/#primaryimage","url":"https:\/\/luizvolpato.com\/wp-content\/uploads\/2024\/12\/WhatsApp-Image-2024-11-28-at-16.31.35-1-scaled.jpeg","contentUrl":"https:\/\/luizvolpato.com\/wp-content\/uploads\/2024\/12\/WhatsApp-Image-2024-11-28-at-16.31.35-1-scaled.jpeg","width":1706,"height":2560,"caption":"Um homem de camisa preta est\u00e1 sentado em uma mesa de madeira, desenhando em um caderno com marcadores coloridos. Uma c\u00e2mera de filmagem est\u00e1 posicionada em primeiro plano, capturando a cena. O fundo apresenta uma parede de tijolos e uma pessoa desfocada em branco perto de uma \u00e1rea de bar. - Luiz Volpato Arquitetura"},{"@type":"BreadcrumbList","@id":"https:\/\/luizvolpato.com\/a-casa-burgel-uma-entrevista-com-luiz-volpato-por-galeria-da-arquitetura\/#breadcrumb","itemListElement":[{"@type":"ListItem","position":1,"name":"In\u00edcio","item":"https:\/\/luizvolpato.com\/"},{"@type":"ListItem","position":2,"name":"A Casa B\u00fcrgel, uma entrevista com Luiz Volpato- Por Galeria da Arquitetura"}]},{"@type":"WebSite","@id":"https:\/\/luizvolpato.com\/#website","url":"https:\/\/luizvolpato.com\/","name":"Luiz Volpato Arquitetura","description":"","potentialAction":[{"@type":"SearchAction","target":{"@type":"EntryPoint","urlTemplate":"https:\/\/luizvolpato.com\/?s={search_term_string}"},"query-input":{"@type":"PropertyValueSpecification","valueRequired":true,"valueName":"search_term_string"}}],"inLanguage":"en-US"},{"@type":"Person","@id":"https:\/\/luizvolpato.com\/#\/schema\/person\/b7360306d98aafd274d143273904240c","name":"Midia LVArq","image":{"@type":"ImageObject","inLanguage":"en-US","@id":"https:\/\/luizvolpato.com\/#\/schema\/person\/image\/","url":"https:\/\/secure.gravatar.com\/avatar\/05a48b3795c07ab201a01968727560149bfbea42f991929edd860d5c666bf24a?s=96&d=mm&r=g","contentUrl":"https:\/\/secure.gravatar.com\/avatar\/05a48b3795c07ab201a01968727560149bfbea42f991929edd860d5c666bf24a?s=96&d=mm&r=g","caption":"Midia LVArq"}}]}},"_links":{"self":[{"href":"https:\/\/luizvolpato.com\/en\/wp-json\/wp\/v2\/posts\/4513","targetHints":{"allow":["GET"]}}],"collection":[{"href":"https:\/\/luizvolpato.com\/en\/wp-json\/wp\/v2\/posts"}],"about":[{"href":"https:\/\/luizvolpato.com\/en\/wp-json\/wp\/v2\/types\/post"}],"author":[{"embeddable":true,"href":"https:\/\/luizvolpato.com\/en\/wp-json\/wp\/v2\/users\/6"}],"replies":[{"embeddable":true,"href":"https:\/\/luizvolpato.com\/en\/wp-json\/wp\/v2\/comments?post=4513"}],"version-history":[{"count":1,"href":"https:\/\/luizvolpato.com\/en\/wp-json\/wp\/v2\/posts\/4513\/revisions"}],"predecessor-version":[{"id":4514,"href":"https:\/\/luizvolpato.com\/en\/wp-json\/wp\/v2\/posts\/4513\/revisions\/4514"}],"wp:featuredmedia":[{"embeddable":true,"href":"https:\/\/luizvolpato.com\/en\/wp-json\/wp\/v2\/media\/4365"}],"wp:attachment":[{"href":"https:\/\/luizvolpato.com\/en\/wp-json\/wp\/v2\/media?parent=4513"}],"wp:term":[{"taxonomy":"category","embeddable":true,"href":"https:\/\/luizvolpato.com\/en\/wp-json\/wp\/v2\/categories?post=4513"},{"taxonomy":"post_tag","embeddable":true,"href":"https:\/\/luizvolpato.com\/en\/wp-json\/wp\/v2\/tags?post=4513"}],"curies":[{"name":"wp","href":"https:\/\/api.w.org\/{rel}","templated":true}]}}