{"id":4455,"date":"2025-01-14T10:08:07","date_gmt":"2025-01-14T13:08:07","guid":{"rendered":"https:\/\/luizvolpato.com\/?p=4455"},"modified":"2025-01-14T10:08:10","modified_gmt":"2025-01-14T13:08:10","slug":"jornada-de-resiliencia-e-marcos-arquitetonicos-por-revista-habitat-21-edicao","status":"publish","type":"post","link":"https:\/\/luizvolpato.com\/en\/jornada-de-resiliencia-e-marcos-arquitetonicos-por-revista-habitat-21-edicao\/","title":{"rendered":"\"Journey of resilience and architectural landmarks\" - By Habitat Magazine, 21 Edition"},"content":{"rendered":"<figure class=\"wp-block-gallery has-nested-images columns-default is-cropped wp-block-gallery-1 is-layout-flex wp-block-gallery-is-layout-flex\">\n<figure class=\"wp-block-image size-large is-style-default\"><img decoding=\"async\" width=\"417\" height=\"558\" data-id=\"4456\" data-src=\"https:\/\/luizvolpato.com\/wp-content\/uploads\/2025\/01\/assa.jpg\" alt=\"\" class=\"wp-image-4456 lazyload\" data-srcset=\"https:\/\/luizvolpato.com\/wp-content\/uploads\/2025\/01\/assa.jpg 417w, https:\/\/luizvolpato.com\/wp-content\/uploads\/2025\/01\/assa-224x300.jpg 224w, https:\/\/luizvolpato.com\/wp-content\/uploads\/2025\/01\/assa-9x12.jpg 9w\" data-sizes=\"(max-width: 417px) 100vw, 417px\" src=\"data:image\/svg+xml;base64,PHN2ZyB3aWR0aD0iMSIgaGVpZ2h0PSIxIiB4bWxucz0iaHR0cDovL3d3dy53My5vcmcvMjAwMC9zdmciPjwvc3ZnPg==\" style=\"--smush-placeholder-width: 417px; --smush-placeholder-aspect-ratio: 417\/558;\" \/><\/figure>\n<\/figure>\n\n\n\n<figure class=\"wp-block-gallery has-nested-images columns-default is-cropped wp-block-gallery-2 is-layout-flex wp-block-gallery-is-layout-flex\">\n<figure class=\"wp-block-image size-large\"><img decoding=\"async\" width=\"1024\" height=\"674\" data-id=\"4459\" data-src=\"https:\/\/luizvolpato.com\/wp-content\/uploads\/2025\/01\/Habitat-21-Visualizacao-44-1024x674.png\" alt=\"\" class=\"wp-image-4459 lazyload\" data-srcset=\"https:\/\/luizvolpato.com\/wp-content\/uploads\/2025\/01\/Habitat-21-Visualizacao-44-1024x674.png 1024w, https:\/\/luizvolpato.com\/wp-content\/uploads\/2025\/01\/Habitat-21-Visualizacao-44-300x197.png 300w, https:\/\/luizvolpato.com\/wp-content\/uploads\/2025\/01\/Habitat-21-Visualizacao-44-768x505.png 768w, https:\/\/luizvolpato.com\/wp-content\/uploads\/2025\/01\/Habitat-21-Visualizacao-44-1536x1011.png 1536w, https:\/\/luizvolpato.com\/wp-content\/uploads\/2025\/01\/Habitat-21-Visualizacao-44-2048x1347.png 2048w, https:\/\/luizvolpato.com\/wp-content\/uploads\/2025\/01\/Habitat-21-Visualizacao-44-18x12.png 18w\" data-sizes=\"(max-width: 1024px) 100vw, 1024px\" src=\"data:image\/svg+xml;base64,PHN2ZyB3aWR0aD0iMSIgaGVpZ2h0PSIxIiB4bWxucz0iaHR0cDovL3d3dy53My5vcmcvMjAwMC9zdmciPjwvc3ZnPg==\" style=\"--smush-placeholder-width: 1024px; --smush-placeholder-aspect-ratio: 1024\/674;\" \/><\/figure>\n\n\n\n<figure class=\"wp-block-image size-large\"><img decoding=\"async\" width=\"1024\" height=\"674\" data-id=\"4458\" data-src=\"https:\/\/luizvolpato.com\/wp-content\/uploads\/2025\/01\/Habitat-21-Visualizacao-45-1024x674.png\" alt=\"\" class=\"wp-image-4458 lazyload\" data-srcset=\"https:\/\/luizvolpato.com\/wp-content\/uploads\/2025\/01\/Habitat-21-Visualizacao-45-1024x674.png 1024w, https:\/\/luizvolpato.com\/wp-content\/uploads\/2025\/01\/Habitat-21-Visualizacao-45-300x197.png 300w, https:\/\/luizvolpato.com\/wp-content\/uploads\/2025\/01\/Habitat-21-Visualizacao-45-768x505.png 768w, https:\/\/luizvolpato.com\/wp-content\/uploads\/2025\/01\/Habitat-21-Visualizacao-45-1536x1011.png 1536w, https:\/\/luizvolpato.com\/wp-content\/uploads\/2025\/01\/Habitat-21-Visualizacao-45-2048x1347.png 2048w, https:\/\/luizvolpato.com\/wp-content\/uploads\/2025\/01\/Habitat-21-Visualizacao-45-18x12.png 18w\" data-sizes=\"(max-width: 1024px) 100vw, 1024px\" src=\"data:image\/svg+xml;base64,PHN2ZyB3aWR0aD0iMSIgaGVpZ2h0PSIxIiB4bWxucz0iaHR0cDovL3d3dy53My5vcmcvMjAwMC9zdmciPjwvc3ZnPg==\" style=\"--smush-placeholder-width: 1024px; --smush-placeholder-aspect-ratio: 1024\/674;\" \/><\/figure>\n<\/figure>\n\n\n\n<p>From surfing ventures to public and private projects in Brazil, learn about the story of Luiz Volpato, founder of the 30-year-old firm of the same name. - By Habitat Magazine <\/p>\n\n\n\n<p>Full story: <\/p>\n\n\n\n<p><strong><a href=\"https:\/\/issuu.com\/revista.habitat\/docs\/habitat_21_-_issuu\" target=\"_blank\" rel=\"noreferrer noopener\">https:\/\/issuu.com\/revista.habitat\/docs\/habitat_21_-_issuu<\/a><\/strong><\/p>","protected":false},"excerpt":{"rendered":"<p>From surfing ventures to public and private projects in Brazil, learn about the story of Luiz Volpato, founder of the 30-year-old firm with the same name. - By Habitat Magazine Full article: https:\/\/issuu.com\/revista.habitat\/docs\/habitat_21_-_issuu<\/p>","protected":false},"author":6,"featured_media":4456,"comment_status":"open","ping_status":"open","sticky":false,"template":"","format":"standard","meta":{"_acf_changed":false,"footnotes":""},"categories":[1],"tags":[],"class_list":["post-4455","post","type-post","status-publish","format-standard","has-post-thumbnail","hentry","category-sem-categoria"],"acf":[],"yoast_head":"<!-- This site is optimized with the Yoast SEO plugin v25.4 - https:\/\/yoast.com\/wordpress\/plugins\/seo\/ -->\n<title>&quot;Jornada de resili\u00eancia e marcos arquitet\u00f4nicos&quot; - Por Revista Habitat, 21 Edi\u00e7\u00e3o - Luiz Volpato Arquitetura<\/title>\n<meta name=\"description\" content=\"&quot;De empreendimento de surf a projetos p\u00fablicos e privados no Brasil, conhe\u00e7a a hist\u00f3ria de Luiz Volpato...&quot; - Por Revista Habitat\" \/>\n<meta name=\"robots\" content=\"index, follow, max-snippet:-1, max-image-preview:large, max-video-preview:-1\" \/>\n<link rel=\"canonical\" href=\"https:\/\/luizvolpato.com\/en\/jornada-de-resiliencia-e-marcos-arquitetonicos-por-revista-habitat-21-edicao\/\" \/>\n<meta property=\"og:locale\" content=\"en_US\" \/>\n<meta property=\"og:type\" content=\"article\" \/>\n<meta property=\"og:title\" content=\"&quot;Jornada de resili\u00eancia e marcos arquitet\u00f4nicos&quot; - Por Revista Habitat, 21 Edi\u00e7\u00e3o - Luiz Volpato Arquitetura\" \/>\n<meta property=\"og:description\" content=\"&quot;De empreendimento de surf a projetos p\u00fablicos e privados no Brasil, conhe\u00e7a a hist\u00f3ria de Luiz Volpato...&quot; - Por Revista Habitat\" \/>\n<meta property=\"og:url\" content=\"https:\/\/luizvolpato.com\/en\/jornada-de-resiliencia-e-marcos-arquitetonicos-por-revista-habitat-21-edicao\/\" \/>\n<meta property=\"og:site_name\" content=\"Luiz Volpato Arquitetura\" \/>\n<meta property=\"article:published_time\" content=\"2025-01-14T13:08:07+00:00\" \/>\n<meta property=\"article:modified_time\" content=\"2025-01-14T13:08:10+00:00\" \/>\n<meta property=\"og:image\" content=\"https:\/\/luizvolpato.com\/wp-content\/uploads\/2025\/01\/assa.jpg\" \/>\n\t<meta property=\"og:image:width\" content=\"417\" \/>\n\t<meta property=\"og:image:height\" content=\"558\" \/>\n\t<meta property=\"og:image:type\" content=\"image\/jpeg\" \/>\n<meta name=\"author\" content=\"Midia LVArq\" \/>\n<meta name=\"twitter:card\" content=\"summary_large_image\" \/>\n<meta name=\"twitter:label1\" content=\"Written by\" \/>\n\t<meta name=\"twitter:data1\" content=\"Midia LVArq\" \/>\n\t<meta name=\"twitter:label2\" content=\"Est. reading time\" \/>\n\t<meta name=\"twitter:data2\" content=\"1 minute\" \/>\n<script type=\"application\/ld+json\" class=\"yoast-schema-graph\">{\"@context\":\"https:\/\/schema.org\",\"@graph\":[{\"@type\":\"WebPage\",\"@id\":\"https:\/\/luizvolpato.com\/jornada-de-resiliencia-e-marcos-arquitetonicos-por-revista-habitat-21-edicao\/\",\"url\":\"https:\/\/luizvolpato.com\/jornada-de-resiliencia-e-marcos-arquitetonicos-por-revista-habitat-21-edicao\/\",\"name\":\"\\\"Jornada de resili\u00eancia e marcos arquitet\u00f4nicos\\\" - Por Revista Habitat, 21 Edi\u00e7\u00e3o - Luiz Volpato Arquitetura\",\"isPartOf\":{\"@id\":\"https:\/\/luizvolpato.com\/#website\"},\"primaryImageOfPage\":{\"@id\":\"https:\/\/luizvolpato.com\/jornada-de-resiliencia-e-marcos-arquitetonicos-por-revista-habitat-21-edicao\/#primaryimage\"},\"image\":{\"@id\":\"https:\/\/luizvolpato.com\/jornada-de-resiliencia-e-marcos-arquitetonicos-por-revista-habitat-21-edicao\/#primaryimage\"},\"thumbnailUrl\":\"https:\/\/luizvolpato.com\/wp-content\/uploads\/2025\/01\/assa.jpg\",\"datePublished\":\"2025-01-14T13:08:07+00:00\",\"dateModified\":\"2025-01-14T13:08:10+00:00\",\"author\":{\"@id\":\"https:\/\/luizvolpato.com\/#\/schema\/person\/b7360306d98aafd274d143273904240c\"},\"description\":\"\\\"De empreendimento de surf a projetos p\u00fablicos e privados no Brasil, conhe\u00e7a a hist\u00f3ria de Luiz Volpato...\\\" - Por Revista Habitat\",\"breadcrumb\":{\"@id\":\"https:\/\/luizvolpato.com\/jornada-de-resiliencia-e-marcos-arquitetonicos-por-revista-habitat-21-edicao\/#breadcrumb\"},\"inLanguage\":\"en-US\",\"potentialAction\":[{\"@type\":\"ReadAction\",\"target\":[\"https:\/\/luizvolpato.com\/jornada-de-resiliencia-e-marcos-arquitetonicos-por-revista-habitat-21-edicao\/\"]}]},{\"@type\":\"ImageObject\",\"inLanguage\":\"en-US\",\"@id\":\"https:\/\/luizvolpato.com\/jornada-de-resiliencia-e-marcos-arquitetonicos-por-revista-habitat-21-edicao\/#primaryimage\",\"url\":\"https:\/\/luizvolpato.com\/wp-content\/uploads\/2025\/01\/assa.jpg\",\"contentUrl\":\"https:\/\/luizvolpato.com\/wp-content\/uploads\/2025\/01\/assa.jpg\",\"width\":417,\"height\":558,\"caption\":\"Capa da revista \\\"habitat\\\" com um homem mais velho de \u00f3culos e terno, de p\u00e9 ao lado de um esbo\u00e7o de um indiv\u00edduo pensativo. O texto diz \\\"MARIO BOTTA\\\" e \\\"A Maestria do G\u00eanio da Arquitetura Mundial\\\", destacando arquitetura, arte e design. Edi\u00e7\u00e3o n\u00famero 21, agosto e setembro. - Luiz Volpato Arquitetura\"},{\"@type\":\"BreadcrumbList\",\"@id\":\"https:\/\/luizvolpato.com\/jornada-de-resiliencia-e-marcos-arquitetonicos-por-revista-habitat-21-edicao\/#breadcrumb\",\"itemListElement\":[{\"@type\":\"ListItem\",\"position\":1,\"name\":\"In\u00edcio\",\"item\":\"https:\/\/luizvolpato.com\/\"},{\"@type\":\"ListItem\",\"position\":2,\"name\":\"&#8220;Jornada de resili\u00eancia e marcos arquitet\u00f4nicos&#8221; &#8211; Por Revista Habitat, 21 Edi\u00e7\u00e3o\"}]},{\"@type\":\"WebSite\",\"@id\":\"https:\/\/luizvolpato.com\/#website\",\"url\":\"https:\/\/luizvolpato.com\/\",\"name\":\"Luiz Volpato Arquitetura\",\"description\":\"\",\"potentialAction\":[{\"@type\":\"SearchAction\",\"target\":{\"@type\":\"EntryPoint\",\"urlTemplate\":\"https:\/\/luizvolpato.com\/?s={search_term_string}\"},\"query-input\":{\"@type\":\"PropertyValueSpecification\",\"valueRequired\":true,\"valueName\":\"search_term_string\"}}],\"inLanguage\":\"en-US\"},{\"@type\":\"Person\",\"@id\":\"https:\/\/luizvolpato.com\/#\/schema\/person\/b7360306d98aafd274d143273904240c\",\"name\":\"Midia LVArq\",\"image\":{\"@type\":\"ImageObject\",\"inLanguage\":\"en-US\",\"@id\":\"https:\/\/luizvolpato.com\/#\/schema\/person\/image\/\",\"url\":\"https:\/\/secure.gravatar.com\/avatar\/05a48b3795c07ab201a01968727560149bfbea42f991929edd860d5c666bf24a?s=96&d=mm&r=g\",\"contentUrl\":\"https:\/\/secure.gravatar.com\/avatar\/05a48b3795c07ab201a01968727560149bfbea42f991929edd860d5c666bf24a?s=96&d=mm&r=g\",\"caption\":\"Midia LVArq\"}}]}<\/script>\n<!-- \/ Yoast SEO plugin. -->","yoast_head_json":{"title":"\"Jornada de resili\u00eancia e marcos arquitet\u00f4nicos\" - Por Revista Habitat, 21 Edi\u00e7\u00e3o - Luiz Volpato Arquitetura","description":"\"De empreendimento de surf a projetos p\u00fablicos e privados no Brasil, conhe\u00e7a a hist\u00f3ria de Luiz Volpato...\" - Por Revista Habitat","robots":{"index":"index","follow":"follow","max-snippet":"max-snippet:-1","max-image-preview":"max-image-preview:large","max-video-preview":"max-video-preview:-1"},"canonical":"https:\/\/luizvolpato.com\/en\/jornada-de-resiliencia-e-marcos-arquitetonicos-por-revista-habitat-21-edicao\/","og_locale":"en_US","og_type":"article","og_title":"\"Jornada de resili\u00eancia e marcos arquitet\u00f4nicos\" - Por Revista Habitat, 21 Edi\u00e7\u00e3o - Luiz Volpato Arquitetura","og_description":"\"De empreendimento de surf a projetos p\u00fablicos e privados no Brasil, conhe\u00e7a a hist\u00f3ria de Luiz Volpato...\" - Por Revista Habitat","og_url":"https:\/\/luizvolpato.com\/en\/jornada-de-resiliencia-e-marcos-arquitetonicos-por-revista-habitat-21-edicao\/","og_site_name":"Luiz Volpato Arquitetura","article_published_time":"2025-01-14T13:08:07+00:00","article_modified_time":"2025-01-14T13:08:10+00:00","og_image":[{"width":417,"height":558,"url":"https:\/\/luizvolpato.com\/wp-content\/uploads\/2025\/01\/assa.jpg","type":"image\/jpeg"}],"author":"Midia LVArq","twitter_card":"summary_large_image","twitter_misc":{"Written by":"Midia LVArq","Est. reading time":"1 minute"},"schema":{"@context":"https:\/\/schema.org","@graph":[{"@type":"WebPage","@id":"https:\/\/luizvolpato.com\/jornada-de-resiliencia-e-marcos-arquitetonicos-por-revista-habitat-21-edicao\/","url":"https:\/\/luizvolpato.com\/jornada-de-resiliencia-e-marcos-arquitetonicos-por-revista-habitat-21-edicao\/","name":"\"Jornada de resili\u00eancia e marcos arquitet\u00f4nicos\" - Por Revista Habitat, 21 Edi\u00e7\u00e3o - Luiz Volpato Arquitetura","isPartOf":{"@id":"https:\/\/luizvolpato.com\/#website"},"primaryImageOfPage":{"@id":"https:\/\/luizvolpato.com\/jornada-de-resiliencia-e-marcos-arquitetonicos-por-revista-habitat-21-edicao\/#primaryimage"},"image":{"@id":"https:\/\/luizvolpato.com\/jornada-de-resiliencia-e-marcos-arquitetonicos-por-revista-habitat-21-edicao\/#primaryimage"},"thumbnailUrl":"https:\/\/luizvolpato.com\/wp-content\/uploads\/2025\/01\/assa.jpg","datePublished":"2025-01-14T13:08:07+00:00","dateModified":"2025-01-14T13:08:10+00:00","author":{"@id":"https:\/\/luizvolpato.com\/#\/schema\/person\/b7360306d98aafd274d143273904240c"},"description":"\"De empreendimento de surf a projetos p\u00fablicos e privados no Brasil, conhe\u00e7a a hist\u00f3ria de Luiz Volpato...\" - Por Revista Habitat","breadcrumb":{"@id":"https:\/\/luizvolpato.com\/jornada-de-resiliencia-e-marcos-arquitetonicos-por-revista-habitat-21-edicao\/#breadcrumb"},"inLanguage":"en-US","potentialAction":[{"@type":"ReadAction","target":["https:\/\/luizvolpato.com\/jornada-de-resiliencia-e-marcos-arquitetonicos-por-revista-habitat-21-edicao\/"]}]},{"@type":"ImageObject","inLanguage":"en-US","@id":"https:\/\/luizvolpato.com\/jornada-de-resiliencia-e-marcos-arquitetonicos-por-revista-habitat-21-edicao\/#primaryimage","url":"https:\/\/luizvolpato.com\/wp-content\/uploads\/2025\/01\/assa.jpg","contentUrl":"https:\/\/luizvolpato.com\/wp-content\/uploads\/2025\/01\/assa.jpg","width":417,"height":558,"caption":"Capa da revista \"habitat\" com um homem mais velho de \u00f3culos e terno, de p\u00e9 ao lado de um esbo\u00e7o de um indiv\u00edduo pensativo. O texto diz \"MARIO BOTTA\" e \"A Maestria do G\u00eanio da Arquitetura Mundial\", destacando arquitetura, arte e design. Edi\u00e7\u00e3o n\u00famero 21, agosto e setembro. - Luiz Volpato Arquitetura"},{"@type":"BreadcrumbList","@id":"https:\/\/luizvolpato.com\/jornada-de-resiliencia-e-marcos-arquitetonicos-por-revista-habitat-21-edicao\/#breadcrumb","itemListElement":[{"@type":"ListItem","position":1,"name":"In\u00edcio","item":"https:\/\/luizvolpato.com\/"},{"@type":"ListItem","position":2,"name":"&#8220;Jornada de resili\u00eancia e marcos arquitet\u00f4nicos&#8221; &#8211; Por Revista Habitat, 21 Edi\u00e7\u00e3o"}]},{"@type":"WebSite","@id":"https:\/\/luizvolpato.com\/#website","url":"https:\/\/luizvolpato.com\/","name":"Luiz Volpato Arquitetura","description":"","potentialAction":[{"@type":"SearchAction","target":{"@type":"EntryPoint","urlTemplate":"https:\/\/luizvolpato.com\/?s={search_term_string}"},"query-input":{"@type":"PropertyValueSpecification","valueRequired":true,"valueName":"search_term_string"}}],"inLanguage":"en-US"},{"@type":"Person","@id":"https:\/\/luizvolpato.com\/#\/schema\/person\/b7360306d98aafd274d143273904240c","name":"Midia LVArq","image":{"@type":"ImageObject","inLanguage":"en-US","@id":"https:\/\/luizvolpato.com\/#\/schema\/person\/image\/","url":"https:\/\/secure.gravatar.com\/avatar\/05a48b3795c07ab201a01968727560149bfbea42f991929edd860d5c666bf24a?s=96&d=mm&r=g","contentUrl":"https:\/\/secure.gravatar.com\/avatar\/05a48b3795c07ab201a01968727560149bfbea42f991929edd860d5c666bf24a?s=96&d=mm&r=g","caption":"Midia LVArq"}}]}},"_links":{"self":[{"href":"https:\/\/luizvolpato.com\/en\/wp-json\/wp\/v2\/posts\/4455","targetHints":{"allow":["GET"]}}],"collection":[{"href":"https:\/\/luizvolpato.com\/en\/wp-json\/wp\/v2\/posts"}],"about":[{"href":"https:\/\/luizvolpato.com\/en\/wp-json\/wp\/v2\/types\/post"}],"author":[{"embeddable":true,"href":"https:\/\/luizvolpato.com\/en\/wp-json\/wp\/v2\/users\/6"}],"replies":[{"embeddable":true,"href":"https:\/\/luizvolpato.com\/en\/wp-json\/wp\/v2\/comments?post=4455"}],"version-history":[{"count":1,"href":"https:\/\/luizvolpato.com\/en\/wp-json\/wp\/v2\/posts\/4455\/revisions"}],"predecessor-version":[{"id":4460,"href":"https:\/\/luizvolpato.com\/en\/wp-json\/wp\/v2\/posts\/4455\/revisions\/4460"}],"wp:featuredmedia":[{"embeddable":true,"href":"https:\/\/luizvolpato.com\/en\/wp-json\/wp\/v2\/media\/4456"}],"wp:attachment":[{"href":"https:\/\/luizvolpato.com\/en\/wp-json\/wp\/v2\/media?parent=4455"}],"wp:term":[{"taxonomy":"category","embeddable":true,"href":"https:\/\/luizvolpato.com\/en\/wp-json\/wp\/v2\/categories?post=4455"},{"taxonomy":"post_tag","embeddable":true,"href":"https:\/\/luizvolpato.com\/en\/wp-json\/wp\/v2\/tags?post=4455"}],"curies":[{"name":"wp","href":"https:\/\/api.w.org\/{rel}","templated":true}]}}