{"id":4432,"date":"2025-01-13T16:20:45","date_gmt":"2025-01-13T19:20:45","guid":{"rendered":"https:\/\/luizvolpato.com\/?p=4432"},"modified":"2025-01-14T10:11:49","modified_gmt":"2025-01-14T13:11:49","slug":"o-arquiteto-busca-inspiracoes-em-lugares-menos-evidentes-e-nas-suas-proprias-experiencias-por-haus","status":"publish","type":"post","link":"https:\/\/luizvolpato.com\/en\/o-arquiteto-busca-inspiracoes-em-lugares-menos-evidentes-e-nas-suas-proprias-experiencias-por-haus\/","title":{"rendered":"\"The architect looks for inspiration in less obvious places and in his own experiences...\" - By Haus"},"content":{"rendered":"<figure class=\"wp-block-gallery has-nested-images columns-default is-cropped wp-block-gallery-1 is-layout-flex wp-block-gallery-is-layout-flex\">\n<figure class=\"wp-block-image size-large\"><img decoding=\"async\" width=\"952\" height=\"791\" data-id=\"4433\" data-src=\"https:\/\/luizvolpato.com\/wp-content\/uploads\/2025\/01\/haus-ngc.jpg\" alt=\"Imagem em preto e branco de um homem em p\u00e9 na frente de um fundo de madeira com pain\u00e9is. Ele tem cabelo curto e barba, vestindo uma camisa casual. Abaixo da imagem, h\u00e1 um texto sobre Luiz Volpato, um arquiteto, discutindo seu foco de carreira em obras ousadas e carregadas de s\u00edmbolos. - Luiz Volpato Arquitetura\" class=\"wp-image-4433 lazyload\" data-srcset=\"https:\/\/luizvolpato.com\/wp-content\/uploads\/2025\/01\/haus-ngc.jpg 952w, https:\/\/luizvolpato.com\/wp-content\/uploads\/2025\/01\/haus-ngc-300x249.jpg 300w, https:\/\/luizvolpato.com\/wp-content\/uploads\/2025\/01\/haus-ngc-768x638.jpg 768w, https:\/\/luizvolpato.com\/wp-content\/uploads\/2025\/01\/haus-ngc-14x12.jpg 14w\" data-sizes=\"(max-width: 952px) 100vw, 952px\" src=\"data:image\/svg+xml;base64,PHN2ZyB3aWR0aD0iMSIgaGVpZ2h0PSIxIiB4bWxucz0iaHR0cDovL3d3dy53My5vcmcvMjAwMC9zdmciPjwvc3ZnPg==\" style=\"--smush-placeholder-width: 952px; --smush-placeholder-aspect-ratio: 952\/791;\" \/><\/figure>\n<\/figure>\n\n\n\n<p>The architect seeks inspiration in less obvious places and in his own experiences, in order to create transgressive and symbolic works. Part of his life dedicated to engineering, his first degree, gave him a strong basis for taking bolder flights in his creations. The architect leads his team in the office with an absolute focus on being recognized as free creators of reliable, efficient and creative solutions... <\/p>\n\n\n\n<p>Full story: <\/p>\n\n\n\n<p><strong><a href=\"https:\/\/revistahaus.com.br\/sem-categoria\/casa-purista-e-industria-hi-tech-luiz-volpato\/\">https:\/\/revistahaus.com.br\/sem-categoria\/casa-purista-e-industria-hi-tech-luiz-volpato<\/a><a href=\"https:\/\/revistahaus.com.br\/sem-categoria\/casa-purista-e-industria-hi-tech-luiz-volpato\/\" target=\"_blank\" rel=\"noreferrer noopener\">\/<\/a><\/strong><\/p>\n\n\n\n<p><\/p>","protected":false},"excerpt":{"rendered":"<p>The architect seeks inspiration in less obvious places and in his own experiences, in order to create transgressive and symbolic works. Part of his life dedicated to engineering, his first degree, has given him a strong basis for taking bolder flights in his creations. The architect leads his team in the office with an absolute focus on [...]<\/p>","protected":false},"author":6,"featured_media":4433,"comment_status":"open","ping_status":"open","sticky":false,"template":"","format":"standard","meta":{"_acf_changed":false,"footnotes":""},"categories":[1],"tags":[],"class_list":["post-4432","post","type-post","status-publish","format-standard","has-post-thumbnail","hentry","category-sem-categoria"],"acf":[],"yoast_head":"<!-- This site is optimized with the Yoast SEO plugin v25.4 - https:\/\/yoast.com\/wordpress\/plugins\/seo\/ -->\n<title>&quot;O arquiteto busca inspira\u00e7\u00f5es em lugares menos evidentes e nas suas pr\u00f3prias experi\u00eancias...&quot; - Por Haus - Luiz Volpato Arquitetura<\/title>\n<meta name=\"description\" content=\"Relembre a entrevista de Luiz Volpato sobre seus projetos - NGC e Castel Verona - para Haus. - Por\u00a0Roberta Braga\" \/>\n<meta name=\"robots\" content=\"index, follow, max-snippet:-1, max-image-preview:large, max-video-preview:-1\" \/>\n<link rel=\"canonical\" href=\"https:\/\/luizvolpato.com\/en\/o-arquiteto-busca-inspiracoes-em-lugares-menos-evidentes-e-nas-suas-proprias-experiencias-por-haus\/\" \/>\n<meta property=\"og:locale\" content=\"en_US\" \/>\n<meta property=\"og:type\" content=\"article\" \/>\n<meta property=\"og:title\" content=\"&quot;O arquiteto busca inspira\u00e7\u00f5es em lugares menos evidentes e nas suas pr\u00f3prias experi\u00eancias...&quot; - Por Haus - Luiz Volpato Arquitetura\" \/>\n<meta property=\"og:description\" content=\"Relembre a entrevista de Luiz Volpato sobre seus projetos - NGC e Castel Verona - para Haus. - Por\u00a0Roberta Braga\" \/>\n<meta property=\"og:url\" content=\"https:\/\/luizvolpato.com\/en\/o-arquiteto-busca-inspiracoes-em-lugares-menos-evidentes-e-nas-suas-proprias-experiencias-por-haus\/\" \/>\n<meta property=\"og:site_name\" content=\"Luiz Volpato Arquitetura\" \/>\n<meta property=\"article:published_time\" content=\"2025-01-13T19:20:45+00:00\" \/>\n<meta property=\"article:modified_time\" content=\"2025-01-14T13:11:49+00:00\" \/>\n<meta property=\"og:image\" content=\"https:\/\/luizvolpato.com\/wp-content\/uploads\/2025\/01\/haus-ngc.jpg\" \/>\n\t<meta property=\"og:image:width\" content=\"952\" \/>\n\t<meta property=\"og:image:height\" content=\"791\" \/>\n\t<meta property=\"og:image:type\" content=\"image\/jpeg\" \/>\n<meta name=\"author\" content=\"Midia LVArq\" \/>\n<meta name=\"twitter:card\" content=\"summary_large_image\" \/>\n<meta name=\"twitter:label1\" content=\"Written by\" \/>\n\t<meta name=\"twitter:data1\" content=\"Midia LVArq\" \/>\n\t<meta name=\"twitter:label2\" content=\"Est. reading time\" \/>\n\t<meta name=\"twitter:data2\" content=\"1 minute\" \/>\n<script type=\"application\/ld+json\" class=\"yoast-schema-graph\">{\"@context\":\"https:\/\/schema.org\",\"@graph\":[{\"@type\":\"WebPage\",\"@id\":\"https:\/\/luizvolpato.com\/o-arquiteto-busca-inspiracoes-em-lugares-menos-evidentes-e-nas-suas-proprias-experiencias-por-haus\/\",\"url\":\"https:\/\/luizvolpato.com\/o-arquiteto-busca-inspiracoes-em-lugares-menos-evidentes-e-nas-suas-proprias-experiencias-por-haus\/\",\"name\":\"\\\"O arquiteto busca inspira\u00e7\u00f5es em lugares menos evidentes e nas suas pr\u00f3prias experi\u00eancias...\\\" - Por Haus - Luiz Volpato Arquitetura\",\"isPartOf\":{\"@id\":\"https:\/\/luizvolpato.com\/#website\"},\"primaryImageOfPage\":{\"@id\":\"https:\/\/luizvolpato.com\/o-arquiteto-busca-inspiracoes-em-lugares-menos-evidentes-e-nas-suas-proprias-experiencias-por-haus\/#primaryimage\"},\"image\":{\"@id\":\"https:\/\/luizvolpato.com\/o-arquiteto-busca-inspiracoes-em-lugares-menos-evidentes-e-nas-suas-proprias-experiencias-por-haus\/#primaryimage\"},\"thumbnailUrl\":\"https:\/\/luizvolpato.com\/wp-content\/uploads\/2025\/01\/haus-ngc.jpg\",\"datePublished\":\"2025-01-13T19:20:45+00:00\",\"dateModified\":\"2025-01-14T13:11:49+00:00\",\"author\":{\"@id\":\"https:\/\/luizvolpato.com\/#\/schema\/person\/b7360306d98aafd274d143273904240c\"},\"description\":\"Relembre a entrevista de Luiz Volpato sobre seus projetos - NGC e Castel Verona - para Haus. - Por\u00a0Roberta Braga\",\"breadcrumb\":{\"@id\":\"https:\/\/luizvolpato.com\/o-arquiteto-busca-inspiracoes-em-lugares-menos-evidentes-e-nas-suas-proprias-experiencias-por-haus\/#breadcrumb\"},\"inLanguage\":\"en-US\",\"potentialAction\":[{\"@type\":\"ReadAction\",\"target\":[\"https:\/\/luizvolpato.com\/o-arquiteto-busca-inspiracoes-em-lugares-menos-evidentes-e-nas-suas-proprias-experiencias-por-haus\/\"]}]},{\"@type\":\"ImageObject\",\"inLanguage\":\"en-US\",\"@id\":\"https:\/\/luizvolpato.com\/o-arquiteto-busca-inspiracoes-em-lugares-menos-evidentes-e-nas-suas-proprias-experiencias-por-haus\/#primaryimage\",\"url\":\"https:\/\/luizvolpato.com\/wp-content\/uploads\/2025\/01\/haus-ngc.jpg\",\"contentUrl\":\"https:\/\/luizvolpato.com\/wp-content\/uploads\/2025\/01\/haus-ngc.jpg\",\"width\":952,\"height\":791,\"caption\":\"Imagem em preto e branco de um homem em p\u00e9 na frente de um fundo de madeira com pain\u00e9is. Ele tem cabelo curto e barba, vestindo uma camisa casual. Abaixo da imagem, h\u00e1 um texto sobre Luiz Volpato, um arquiteto, discutindo seu foco de carreira em obras ousadas e carregadas de s\u00edmbolos. - Luiz Volpato Arquitetura\"},{\"@type\":\"BreadcrumbList\",\"@id\":\"https:\/\/luizvolpato.com\/o-arquiteto-busca-inspiracoes-em-lugares-menos-evidentes-e-nas-suas-proprias-experiencias-por-haus\/#breadcrumb\",\"itemListElement\":[{\"@type\":\"ListItem\",\"position\":1,\"name\":\"In\u00edcio\",\"item\":\"https:\/\/luizvolpato.com\/\"},{\"@type\":\"ListItem\",\"position\":2,\"name\":\"&#8220;O arquiteto busca inspira\u00e7\u00f5es em lugares menos evidentes e nas suas pr\u00f3prias experi\u00eancias&#8230;&#8221; &#8211; Por Haus\"}]},{\"@type\":\"WebSite\",\"@id\":\"https:\/\/luizvolpato.com\/#website\",\"url\":\"https:\/\/luizvolpato.com\/\",\"name\":\"Luiz Volpato Arquitetura\",\"description\":\"\",\"potentialAction\":[{\"@type\":\"SearchAction\",\"target\":{\"@type\":\"EntryPoint\",\"urlTemplate\":\"https:\/\/luizvolpato.com\/?s={search_term_string}\"},\"query-input\":{\"@type\":\"PropertyValueSpecification\",\"valueRequired\":true,\"valueName\":\"search_term_string\"}}],\"inLanguage\":\"en-US\"},{\"@type\":\"Person\",\"@id\":\"https:\/\/luizvolpato.com\/#\/schema\/person\/b7360306d98aafd274d143273904240c\",\"name\":\"Midia LVArq\",\"image\":{\"@type\":\"ImageObject\",\"inLanguage\":\"en-US\",\"@id\":\"https:\/\/luizvolpato.com\/#\/schema\/person\/image\/\",\"url\":\"https:\/\/secure.gravatar.com\/avatar\/05a48b3795c07ab201a01968727560149bfbea42f991929edd860d5c666bf24a?s=96&d=mm&r=g\",\"contentUrl\":\"https:\/\/secure.gravatar.com\/avatar\/05a48b3795c07ab201a01968727560149bfbea42f991929edd860d5c666bf24a?s=96&d=mm&r=g\",\"caption\":\"Midia LVArq\"}}]}<\/script>\n<!-- \/ Yoast SEO plugin. -->","yoast_head_json":{"title":"\"O arquiteto busca inspira\u00e7\u00f5es em lugares menos evidentes e nas suas pr\u00f3prias experi\u00eancias...\" - Por Haus - Luiz Volpato Arquitetura","description":"Relembre a entrevista de Luiz Volpato sobre seus projetos - NGC e Castel Verona - para Haus. - Por\u00a0Roberta Braga","robots":{"index":"index","follow":"follow","max-snippet":"max-snippet:-1","max-image-preview":"max-image-preview:large","max-video-preview":"max-video-preview:-1"},"canonical":"https:\/\/luizvolpato.com\/en\/o-arquiteto-busca-inspiracoes-em-lugares-menos-evidentes-e-nas-suas-proprias-experiencias-por-haus\/","og_locale":"en_US","og_type":"article","og_title":"\"O arquiteto busca inspira\u00e7\u00f5es em lugares menos evidentes e nas suas pr\u00f3prias experi\u00eancias...\" - Por Haus - Luiz Volpato Arquitetura","og_description":"Relembre a entrevista de Luiz Volpato sobre seus projetos - NGC e Castel Verona - para Haus. - Por\u00a0Roberta Braga","og_url":"https:\/\/luizvolpato.com\/en\/o-arquiteto-busca-inspiracoes-em-lugares-menos-evidentes-e-nas-suas-proprias-experiencias-por-haus\/","og_site_name":"Luiz Volpato Arquitetura","article_published_time":"2025-01-13T19:20:45+00:00","article_modified_time":"2025-01-14T13:11:49+00:00","og_image":[{"width":952,"height":791,"url":"https:\/\/luizvolpato.com\/wp-content\/uploads\/2025\/01\/haus-ngc.jpg","type":"image\/jpeg"}],"author":"Midia LVArq","twitter_card":"summary_large_image","twitter_misc":{"Written by":"Midia LVArq","Est. reading time":"1 minute"},"schema":{"@context":"https:\/\/schema.org","@graph":[{"@type":"WebPage","@id":"https:\/\/luizvolpato.com\/o-arquiteto-busca-inspiracoes-em-lugares-menos-evidentes-e-nas-suas-proprias-experiencias-por-haus\/","url":"https:\/\/luizvolpato.com\/o-arquiteto-busca-inspiracoes-em-lugares-menos-evidentes-e-nas-suas-proprias-experiencias-por-haus\/","name":"\"O arquiteto busca inspira\u00e7\u00f5es em lugares menos evidentes e nas suas pr\u00f3prias experi\u00eancias...\" - Por Haus - Luiz Volpato Arquitetura","isPartOf":{"@id":"https:\/\/luizvolpato.com\/#website"},"primaryImageOfPage":{"@id":"https:\/\/luizvolpato.com\/o-arquiteto-busca-inspiracoes-em-lugares-menos-evidentes-e-nas-suas-proprias-experiencias-por-haus\/#primaryimage"},"image":{"@id":"https:\/\/luizvolpato.com\/o-arquiteto-busca-inspiracoes-em-lugares-menos-evidentes-e-nas-suas-proprias-experiencias-por-haus\/#primaryimage"},"thumbnailUrl":"https:\/\/luizvolpato.com\/wp-content\/uploads\/2025\/01\/haus-ngc.jpg","datePublished":"2025-01-13T19:20:45+00:00","dateModified":"2025-01-14T13:11:49+00:00","author":{"@id":"https:\/\/luizvolpato.com\/#\/schema\/person\/b7360306d98aafd274d143273904240c"},"description":"Relembre a entrevista de Luiz Volpato sobre seus projetos - NGC e Castel Verona - para Haus. - Por\u00a0Roberta Braga","breadcrumb":{"@id":"https:\/\/luizvolpato.com\/o-arquiteto-busca-inspiracoes-em-lugares-menos-evidentes-e-nas-suas-proprias-experiencias-por-haus\/#breadcrumb"},"inLanguage":"en-US","potentialAction":[{"@type":"ReadAction","target":["https:\/\/luizvolpato.com\/o-arquiteto-busca-inspiracoes-em-lugares-menos-evidentes-e-nas-suas-proprias-experiencias-por-haus\/"]}]},{"@type":"ImageObject","inLanguage":"en-US","@id":"https:\/\/luizvolpato.com\/o-arquiteto-busca-inspiracoes-em-lugares-menos-evidentes-e-nas-suas-proprias-experiencias-por-haus\/#primaryimage","url":"https:\/\/luizvolpato.com\/wp-content\/uploads\/2025\/01\/haus-ngc.jpg","contentUrl":"https:\/\/luizvolpato.com\/wp-content\/uploads\/2025\/01\/haus-ngc.jpg","width":952,"height":791,"caption":"Imagem em preto e branco de um homem em p\u00e9 na frente de um fundo de madeira com pain\u00e9is. Ele tem cabelo curto e barba, vestindo uma camisa casual. Abaixo da imagem, h\u00e1 um texto sobre Luiz Volpato, um arquiteto, discutindo seu foco de carreira em obras ousadas e carregadas de s\u00edmbolos. - Luiz Volpato Arquitetura"},{"@type":"BreadcrumbList","@id":"https:\/\/luizvolpato.com\/o-arquiteto-busca-inspiracoes-em-lugares-menos-evidentes-e-nas-suas-proprias-experiencias-por-haus\/#breadcrumb","itemListElement":[{"@type":"ListItem","position":1,"name":"In\u00edcio","item":"https:\/\/luizvolpato.com\/"},{"@type":"ListItem","position":2,"name":"&#8220;O arquiteto busca inspira\u00e7\u00f5es em lugares menos evidentes e nas suas pr\u00f3prias experi\u00eancias&#8230;&#8221; &#8211; Por Haus"}]},{"@type":"WebSite","@id":"https:\/\/luizvolpato.com\/#website","url":"https:\/\/luizvolpato.com\/","name":"Luiz Volpato Arquitetura","description":"","potentialAction":[{"@type":"SearchAction","target":{"@type":"EntryPoint","urlTemplate":"https:\/\/luizvolpato.com\/?s={search_term_string}"},"query-input":{"@type":"PropertyValueSpecification","valueRequired":true,"valueName":"search_term_string"}}],"inLanguage":"en-US"},{"@type":"Person","@id":"https:\/\/luizvolpato.com\/#\/schema\/person\/b7360306d98aafd274d143273904240c","name":"Midia LVArq","image":{"@type":"ImageObject","inLanguage":"en-US","@id":"https:\/\/luizvolpato.com\/#\/schema\/person\/image\/","url":"https:\/\/secure.gravatar.com\/avatar\/05a48b3795c07ab201a01968727560149bfbea42f991929edd860d5c666bf24a?s=96&d=mm&r=g","contentUrl":"https:\/\/secure.gravatar.com\/avatar\/05a48b3795c07ab201a01968727560149bfbea42f991929edd860d5c666bf24a?s=96&d=mm&r=g","caption":"Midia LVArq"}}]}},"_links":{"self":[{"href":"https:\/\/luizvolpato.com\/en\/wp-json\/wp\/v2\/posts\/4432","targetHints":{"allow":["GET"]}}],"collection":[{"href":"https:\/\/luizvolpato.com\/en\/wp-json\/wp\/v2\/posts"}],"about":[{"href":"https:\/\/luizvolpato.com\/en\/wp-json\/wp\/v2\/types\/post"}],"author":[{"embeddable":true,"href":"https:\/\/luizvolpato.com\/en\/wp-json\/wp\/v2\/users\/6"}],"replies":[{"embeddable":true,"href":"https:\/\/luizvolpato.com\/en\/wp-json\/wp\/v2\/comments?post=4432"}],"version-history":[{"count":2,"href":"https:\/\/luizvolpato.com\/en\/wp-json\/wp\/v2\/posts\/4432\/revisions"}],"predecessor-version":[{"id":4462,"href":"https:\/\/luizvolpato.com\/en\/wp-json\/wp\/v2\/posts\/4432\/revisions\/4462"}],"wp:featuredmedia":[{"embeddable":true,"href":"https:\/\/luizvolpato.com\/en\/wp-json\/wp\/v2\/media\/4433"}],"wp:attachment":[{"href":"https:\/\/luizvolpato.com\/en\/wp-json\/wp\/v2\/media?parent=4432"}],"wp:term":[{"taxonomy":"category","embeddable":true,"href":"https:\/\/luizvolpato.com\/en\/wp-json\/wp\/v2\/categories?post=4432"},{"taxonomy":"post_tag","embeddable":true,"href":"https:\/\/luizvolpato.com\/en\/wp-json\/wp\/v2\/tags?post=4432"}],"curies":[{"name":"wp","href":"https:\/\/api.w.org\/{rel}","templated":true}]}}