{"id":4397,"date":"2025-01-13T09:15:15","date_gmt":"2025-01-13T12:15:15","guid":{"rendered":"https:\/\/luizvolpato.com\/?p=4397"},"modified":"2025-01-14T10:48:01","modified_gmt":"2025-01-14T13:48:01","slug":"a-encomenda-do-cliente-pautada-na-criacao-de-uma-residencia-para-uma-familia-archdaily-casa-burgel","status":"publish","type":"post","link":"https:\/\/luizvolpato.com\/en\/a-encomenda-do-cliente-pautada-na-criacao-de-uma-residencia-para-uma-familia-archdaily-casa-burgel\/","title":{"rendered":"\"The client's request, based on the creation of a residence for a family...\" - ArchDaily\/ Casa B\u00fcrgel\u00a0"},"content":{"rendered":"<figure class=\"wp-block-gallery has-nested-images columns-default is-cropped wp-block-gallery-1 is-layout-flex wp-block-gallery-is-layout-flex\">\n<figure class=\"wp-block-image size-large\"><img decoding=\"async\" data-id=\"4398\" data-src=\"https:\/\/luizvolpato.com\/wp-content\/uploads\/2025\/01\/Arch_CB.jpg\" alt=\"\" class=\"wp-image-4398 lazyload\" src=\"data:image\/svg+xml;base64,PHN2ZyB3aWR0aD0iMSIgaGVpZ2h0PSIxIiB4bWxucz0iaHR0cDovL3d3dy53My5vcmcvMjAwMC9zdmciPjwvc3ZnPg==\" style=\"--smush-placeholder-width: 713px; --smush-placeholder-aspect-ratio: 713\/868;\" \/><\/figure>\n<\/figure>\n\n\n\n<p>The client's request to create a residence for a small family in a context of large-scale properties presented a unique design challenge. This need for scale and volume in the immediate surroundings, together with the steep slope of the land, the geographical orientation and the presence of a large forest at the back of the plot, led to the design and implementation strategy: an elevated basic prism synthesized the solution to meet all the initial premises...<\/p>\n\n\n\n<p>Full story: <\/p>\n\n\n\n<p><a href=\"https:\/\/www.archdaily.com.br\/br\/1015975\/casa-burgel-luiz-volpato?ad_source=search&amp;ad_medium=projects_tab\"><strong>https:\/\/www.archdaily.com.br\/br\/1015975\/casa-burgel-luiz-volpato?ad_source=search&amp;ad_medium=projects_ta<\/strong><\/a><strong><a href=\"https:\/\/www.archdaily.com.br\/br\/1015975\/casa-burgel-luiz-volpato?ad_source=search&amp;ad_medium=projects_tab\" target=\"_blank\" rel=\"noreferrer noopener\">b<\/a><\/strong><\/p>","protected":false},"excerpt":{"rendered":"<p>A encomenda do cliente, pautada na cria\u00e7\u00e3o de uma resid\u00eancia para uma fam\u00edlia pequena em um contexto de propriedades de grande escala, apresentou-se como um desafio projetual singular. Essa necessidade de escala e volumetria do entorno imediato, junto \u00e0 forte declividade do terreno, a orienta\u00e7\u00e3o geogr\u00e1fica e a presen\u00e7a de um grande bosque nos fundos [&hellip;]<\/p>","protected":false},"author":6,"featured_media":4398,"comment_status":"open","ping_status":"open","sticky":false,"template":"","format":"standard","meta":{"_acf_changed":false,"footnotes":""},"categories":[1],"tags":[],"class_list":["post-4397","post","type-post","status-publish","format-standard","has-post-thumbnail","hentry","category-sem-categoria"],"acf":[],"yoast_head":"<!-- This site is optimized with the Yoast SEO plugin v25.4 - https:\/\/yoast.com\/wordpress\/plugins\/seo\/ -->\n<title>&quot;A encomenda do cliente, pautada na cria\u00e7\u00e3o de uma resid\u00eancia para uma fam\u00edlia...&quot; - ArchDaily\/ Casa B\u00fcrgel\u00a0 - Luiz Volpato Arquitetura<\/title>\n<meta name=\"description\" content=\"Confira o projeto de Luiz Volpato Arquitetura - Casa B\u00fcrgel - sua publica\u00e7\u00e3o em ArchDaily (Brasil \/ Espanha).\" \/>\n<meta name=\"robots\" content=\"index, follow, max-snippet:-1, max-image-preview:large, max-video-preview:-1\" \/>\n<link rel=\"canonical\" href=\"https:\/\/luizvolpato.com\/en\/a-encomenda-do-cliente-pautada-na-criacao-de-uma-residencia-para-uma-familia-archdaily-casa-burgel\/\" \/>\n<meta property=\"og:locale\" content=\"en_US\" \/>\n<meta property=\"og:type\" content=\"article\" \/>\n<meta property=\"og:title\" content=\"&quot;A encomenda do cliente, pautada na cria\u00e7\u00e3o de uma resid\u00eancia para uma fam\u00edlia...&quot; - ArchDaily\/ Casa B\u00fcrgel\u00a0 - Luiz Volpato Arquitetura\" \/>\n<meta property=\"og:description\" content=\"Confira o projeto de Luiz Volpato Arquitetura - Casa B\u00fcrgel - sua publica\u00e7\u00e3o em ArchDaily (Brasil \/ Espanha).\" \/>\n<meta property=\"og:url\" content=\"https:\/\/luizvolpato.com\/en\/a-encomenda-do-cliente-pautada-na-criacao-de-uma-residencia-para-uma-familia-archdaily-casa-burgel\/\" \/>\n<meta property=\"og:site_name\" content=\"Luiz Volpato Arquitetura\" \/>\n<meta property=\"article:published_time\" content=\"2025-01-13T12:15:15+00:00\" \/>\n<meta property=\"article:modified_time\" content=\"2025-01-14T13:48:01+00:00\" \/>\n<meta property=\"og:image\" content=\"https:\/\/luizvolpato.com\/wp-content\/uploads\/2025\/01\/Arch_CB-e1736770259710.jpg\" \/>\n\t<meta property=\"og:image:width\" content=\"713\" \/>\n\t<meta property=\"og:image:height\" content=\"742\" \/>\n\t<meta property=\"og:image:type\" content=\"image\/jpeg\" \/>\n<meta name=\"author\" content=\"Midia LVArq\" \/>\n<meta name=\"twitter:card\" content=\"summary_large_image\" \/>\n<meta name=\"twitter:label1\" content=\"Written by\" \/>\n\t<meta name=\"twitter:data1\" content=\"Midia LVArq\" \/>\n\t<meta name=\"twitter:label2\" content=\"Est. reading time\" \/>\n\t<meta name=\"twitter:data2\" content=\"1 minute\" \/>\n<script type=\"application\/ld+json\" class=\"yoast-schema-graph\">{\"@context\":\"https:\/\/schema.org\",\"@graph\":[{\"@type\":\"WebPage\",\"@id\":\"https:\/\/luizvolpato.com\/a-encomenda-do-cliente-pautada-na-criacao-de-uma-residencia-para-uma-familia-archdaily-casa-burgel\/\",\"url\":\"https:\/\/luizvolpato.com\/a-encomenda-do-cliente-pautada-na-criacao-de-uma-residencia-para-uma-familia-archdaily-casa-burgel\/\",\"name\":\"\\\"A encomenda do cliente, pautada na cria\u00e7\u00e3o de uma resid\u00eancia para uma fam\u00edlia...\\\" - ArchDaily\/ Casa B\u00fcrgel\u00a0 - Luiz Volpato Arquitetura\",\"isPartOf\":{\"@id\":\"https:\/\/luizvolpato.com\/#website\"},\"primaryImageOfPage\":{\"@id\":\"https:\/\/luizvolpato.com\/a-encomenda-do-cliente-pautada-na-criacao-de-uma-residencia-para-uma-familia-archdaily-casa-burgel\/#primaryimage\"},\"image\":{\"@id\":\"https:\/\/luizvolpato.com\/a-encomenda-do-cliente-pautada-na-criacao-de-uma-residencia-para-uma-familia-archdaily-casa-burgel\/#primaryimage\"},\"thumbnailUrl\":\"https:\/\/luizvolpato.com\/wp-content\/uploads\/2025\/01\/Arch_CB-e1736770259710.jpg\",\"datePublished\":\"2025-01-13T12:15:15+00:00\",\"dateModified\":\"2025-01-14T13:48:01+00:00\",\"author\":{\"@id\":\"https:\/\/luizvolpato.com\/#\/schema\/person\/b7360306d98aafd274d143273904240c\"},\"description\":\"Confira o projeto de Luiz Volpato Arquitetura - Casa B\u00fcrgel - sua publica\u00e7\u00e3o em ArchDaily (Brasil \/ Espanha).\",\"breadcrumb\":{\"@id\":\"https:\/\/luizvolpato.com\/a-encomenda-do-cliente-pautada-na-criacao-de-uma-residencia-para-uma-familia-archdaily-casa-burgel\/#breadcrumb\"},\"inLanguage\":\"en-US\",\"potentialAction\":[{\"@type\":\"ReadAction\",\"target\":[\"https:\/\/luizvolpato.com\/a-encomenda-do-cliente-pautada-na-criacao-de-uma-residencia-para-uma-familia-archdaily-casa-burgel\/\"]}]},{\"@type\":\"ImageObject\",\"inLanguage\":\"en-US\",\"@id\":\"https:\/\/luizvolpato.com\/a-encomenda-do-cliente-pautada-na-criacao-de-uma-residencia-para-uma-familia-archdaily-casa-burgel\/#primaryimage\",\"url\":\"https:\/\/luizvolpato.com\/wp-content\/uploads\/2025\/01\/Arch_CB-e1736770259710.jpg\",\"contentUrl\":\"https:\/\/luizvolpato.com\/wp-content\/uploads\/2025\/01\/Arch_CB-e1736770259710.jpg\",\"width\":713,\"height\":742,\"caption\":\"Captura de tela de uma p\u00e1gina da web do ArchDaily apresentando a Casa B\u00fcrgen \/ Luiz Volpato Arquitetura. A p\u00e1gina mostra uma casa moderna com grandes pain\u00e9is de vidro, cercada por \u00e1rvores. A se\u00e7\u00e3o inferior inclui v\u00e1rias imagens menores e um bot\u00e3o \\\"+20\\\" indicando que mais fotos est\u00e3o dispon\u00edveis. Os \u00edcones do site s\u00e3o vis\u00edveis. - Luiz Volpato Arquitetura\"},{\"@type\":\"BreadcrumbList\",\"@id\":\"https:\/\/luizvolpato.com\/a-encomenda-do-cliente-pautada-na-criacao-de-uma-residencia-para-uma-familia-archdaily-casa-burgel\/#breadcrumb\",\"itemListElement\":[{\"@type\":\"ListItem\",\"position\":1,\"name\":\"In\u00edcio\",\"item\":\"https:\/\/luizvolpato.com\/\"},{\"@type\":\"ListItem\",\"position\":2,\"name\":\"&#8220;A encomenda do cliente, pautada na cria\u00e7\u00e3o de uma resid\u00eancia para uma fam\u00edlia&#8230;&#8221; &#8211; ArchDaily\/ Casa B\u00fcrgel\u00a0\"}]},{\"@type\":\"WebSite\",\"@id\":\"https:\/\/luizvolpato.com\/#website\",\"url\":\"https:\/\/luizvolpato.com\/\",\"name\":\"Luiz Volpato Arquitetura\",\"description\":\"\",\"potentialAction\":[{\"@type\":\"SearchAction\",\"target\":{\"@type\":\"EntryPoint\",\"urlTemplate\":\"https:\/\/luizvolpato.com\/?s={search_term_string}\"},\"query-input\":{\"@type\":\"PropertyValueSpecification\",\"valueRequired\":true,\"valueName\":\"search_term_string\"}}],\"inLanguage\":\"en-US\"},{\"@type\":\"Person\",\"@id\":\"https:\/\/luizvolpato.com\/#\/schema\/person\/b7360306d98aafd274d143273904240c\",\"name\":\"Midia LVArq\",\"image\":{\"@type\":\"ImageObject\",\"inLanguage\":\"en-US\",\"@id\":\"https:\/\/luizvolpato.com\/#\/schema\/person\/image\/\",\"url\":\"https:\/\/secure.gravatar.com\/avatar\/05a48b3795c07ab201a01968727560149bfbea42f991929edd860d5c666bf24a?s=96&d=mm&r=g\",\"contentUrl\":\"https:\/\/secure.gravatar.com\/avatar\/05a48b3795c07ab201a01968727560149bfbea42f991929edd860d5c666bf24a?s=96&d=mm&r=g\",\"caption\":\"Midia LVArq\"}}]}<\/script>\n<!-- \/ Yoast SEO plugin. -->","yoast_head_json":{"title":"\"A encomenda do cliente, pautada na cria\u00e7\u00e3o de uma resid\u00eancia para uma fam\u00edlia...\" - ArchDaily\/ Casa B\u00fcrgel\u00a0 - Luiz Volpato Arquitetura","description":"Confira o projeto de Luiz Volpato Arquitetura - Casa B\u00fcrgel - sua publica\u00e7\u00e3o em ArchDaily (Brasil \/ Espanha).","robots":{"index":"index","follow":"follow","max-snippet":"max-snippet:-1","max-image-preview":"max-image-preview:large","max-video-preview":"max-video-preview:-1"},"canonical":"https:\/\/luizvolpato.com\/en\/a-encomenda-do-cliente-pautada-na-criacao-de-uma-residencia-para-uma-familia-archdaily-casa-burgel\/","og_locale":"en_US","og_type":"article","og_title":"\"A encomenda do cliente, pautada na cria\u00e7\u00e3o de uma resid\u00eancia para uma fam\u00edlia...\" - ArchDaily\/ Casa B\u00fcrgel\u00a0 - Luiz Volpato Arquitetura","og_description":"Confira o projeto de Luiz Volpato Arquitetura - Casa B\u00fcrgel - sua publica\u00e7\u00e3o em ArchDaily (Brasil \/ Espanha).","og_url":"https:\/\/luizvolpato.com\/en\/a-encomenda-do-cliente-pautada-na-criacao-de-uma-residencia-para-uma-familia-archdaily-casa-burgel\/","og_site_name":"Luiz Volpato Arquitetura","article_published_time":"2025-01-13T12:15:15+00:00","article_modified_time":"2025-01-14T13:48:01+00:00","og_image":[{"width":713,"height":742,"url":"https:\/\/luizvolpato.com\/wp-content\/uploads\/2025\/01\/Arch_CB-e1736770259710.jpg","type":"image\/jpeg"}],"author":"Midia LVArq","twitter_card":"summary_large_image","twitter_misc":{"Written by":"Midia LVArq","Est. reading time":"1 minute"},"schema":{"@context":"https:\/\/schema.org","@graph":[{"@type":"WebPage","@id":"https:\/\/luizvolpato.com\/a-encomenda-do-cliente-pautada-na-criacao-de-uma-residencia-para-uma-familia-archdaily-casa-burgel\/","url":"https:\/\/luizvolpato.com\/a-encomenda-do-cliente-pautada-na-criacao-de-uma-residencia-para-uma-familia-archdaily-casa-burgel\/","name":"\"A encomenda do cliente, pautada na cria\u00e7\u00e3o de uma resid\u00eancia para uma fam\u00edlia...\" - ArchDaily\/ Casa B\u00fcrgel\u00a0 - Luiz Volpato Arquitetura","isPartOf":{"@id":"https:\/\/luizvolpato.com\/#website"},"primaryImageOfPage":{"@id":"https:\/\/luizvolpato.com\/a-encomenda-do-cliente-pautada-na-criacao-de-uma-residencia-para-uma-familia-archdaily-casa-burgel\/#primaryimage"},"image":{"@id":"https:\/\/luizvolpato.com\/a-encomenda-do-cliente-pautada-na-criacao-de-uma-residencia-para-uma-familia-archdaily-casa-burgel\/#primaryimage"},"thumbnailUrl":"https:\/\/luizvolpato.com\/wp-content\/uploads\/2025\/01\/Arch_CB-e1736770259710.jpg","datePublished":"2025-01-13T12:15:15+00:00","dateModified":"2025-01-14T13:48:01+00:00","author":{"@id":"https:\/\/luizvolpato.com\/#\/schema\/person\/b7360306d98aafd274d143273904240c"},"description":"Confira o projeto de Luiz Volpato Arquitetura - Casa B\u00fcrgel - sua publica\u00e7\u00e3o em ArchDaily (Brasil \/ Espanha).","breadcrumb":{"@id":"https:\/\/luizvolpato.com\/a-encomenda-do-cliente-pautada-na-criacao-de-uma-residencia-para-uma-familia-archdaily-casa-burgel\/#breadcrumb"},"inLanguage":"en-US","potentialAction":[{"@type":"ReadAction","target":["https:\/\/luizvolpato.com\/a-encomenda-do-cliente-pautada-na-criacao-de-uma-residencia-para-uma-familia-archdaily-casa-burgel\/"]}]},{"@type":"ImageObject","inLanguage":"en-US","@id":"https:\/\/luizvolpato.com\/a-encomenda-do-cliente-pautada-na-criacao-de-uma-residencia-para-uma-familia-archdaily-casa-burgel\/#primaryimage","url":"https:\/\/luizvolpato.com\/wp-content\/uploads\/2025\/01\/Arch_CB-e1736770259710.jpg","contentUrl":"https:\/\/luizvolpato.com\/wp-content\/uploads\/2025\/01\/Arch_CB-e1736770259710.jpg","width":713,"height":742,"caption":"Captura de tela de uma p\u00e1gina da web do ArchDaily apresentando a Casa B\u00fcrgen \/ Luiz Volpato Arquitetura. A p\u00e1gina mostra uma casa moderna com grandes pain\u00e9is de vidro, cercada por \u00e1rvores. A se\u00e7\u00e3o inferior inclui v\u00e1rias imagens menores e um bot\u00e3o \"+20\" indicando que mais fotos est\u00e3o dispon\u00edveis. Os \u00edcones do site s\u00e3o vis\u00edveis. - Luiz Volpato Arquitetura"},{"@type":"BreadcrumbList","@id":"https:\/\/luizvolpato.com\/a-encomenda-do-cliente-pautada-na-criacao-de-uma-residencia-para-uma-familia-archdaily-casa-burgel\/#breadcrumb","itemListElement":[{"@type":"ListItem","position":1,"name":"In\u00edcio","item":"https:\/\/luizvolpato.com\/"},{"@type":"ListItem","position":2,"name":"&#8220;A encomenda do cliente, pautada na cria\u00e7\u00e3o de uma resid\u00eancia para uma fam\u00edlia&#8230;&#8221; &#8211; ArchDaily\/ Casa B\u00fcrgel\u00a0"}]},{"@type":"WebSite","@id":"https:\/\/luizvolpato.com\/#website","url":"https:\/\/luizvolpato.com\/","name":"Luiz Volpato Arquitetura","description":"","potentialAction":[{"@type":"SearchAction","target":{"@type":"EntryPoint","urlTemplate":"https:\/\/luizvolpato.com\/?s={search_term_string}"},"query-input":{"@type":"PropertyValueSpecification","valueRequired":true,"valueName":"search_term_string"}}],"inLanguage":"en-US"},{"@type":"Person","@id":"https:\/\/luizvolpato.com\/#\/schema\/person\/b7360306d98aafd274d143273904240c","name":"Midia LVArq","image":{"@type":"ImageObject","inLanguage":"en-US","@id":"https:\/\/luizvolpato.com\/#\/schema\/person\/image\/","url":"https:\/\/secure.gravatar.com\/avatar\/05a48b3795c07ab201a01968727560149bfbea42f991929edd860d5c666bf24a?s=96&d=mm&r=g","contentUrl":"https:\/\/secure.gravatar.com\/avatar\/05a48b3795c07ab201a01968727560149bfbea42f991929edd860d5c666bf24a?s=96&d=mm&r=g","caption":"Midia LVArq"}}]}},"_links":{"self":[{"href":"https:\/\/luizvolpato.com\/en\/wp-json\/wp\/v2\/posts\/4397","targetHints":{"allow":["GET"]}}],"collection":[{"href":"https:\/\/luizvolpato.com\/en\/wp-json\/wp\/v2\/posts"}],"about":[{"href":"https:\/\/luizvolpato.com\/en\/wp-json\/wp\/v2\/types\/post"}],"author":[{"embeddable":true,"href":"https:\/\/luizvolpato.com\/en\/wp-json\/wp\/v2\/users\/6"}],"replies":[{"embeddable":true,"href":"https:\/\/luizvolpato.com\/en\/wp-json\/wp\/v2\/comments?post=4397"}],"version-history":[{"count":3,"href":"https:\/\/luizvolpato.com\/en\/wp-json\/wp\/v2\/posts\/4397\/revisions"}],"predecessor-version":[{"id":4473,"href":"https:\/\/luizvolpato.com\/en\/wp-json\/wp\/v2\/posts\/4397\/revisions\/4473"}],"wp:featuredmedia":[{"embeddable":true,"href":"https:\/\/luizvolpato.com\/en\/wp-json\/wp\/v2\/media\/4398"}],"wp:attachment":[{"href":"https:\/\/luizvolpato.com\/en\/wp-json\/wp\/v2\/media?parent=4397"}],"wp:term":[{"taxonomy":"category","embeddable":true,"href":"https:\/\/luizvolpato.com\/en\/wp-json\/wp\/v2\/categories?post=4397"},{"taxonomy":"post_tag","embeddable":true,"href":"https:\/\/luizvolpato.com\/en\/wp-json\/wp\/v2\/tags?post=4397"}],"curies":[{"name":"wp","href":"https:\/\/api.w.org\/{rel}","templated":true}]}}