{"id":4393,"date":"2025-01-10T17:18:27","date_gmt":"2025-01-10T20:18:27","guid":{"rendered":"https:\/\/luizvolpato.com\/?p=4393"},"modified":"2025-01-14T10:50:48","modified_gmt":"2025-01-14T13:50:48","slug":"de-olho-na-copa-do-mundo-de-2014-athletico-pr-anuncia-reforco-para-obras-de-construcao-da-arena-da-baixada-por-globo-esporte-2013","status":"publish","type":"post","link":"https:\/\/luizvolpato.com\/en\/de-olho-na-copa-do-mundo-de-2014-athletico-pr-anuncia-reforco-para-obras-de-construcao-da-arena-da-baixada-por-globo-esporte-2013\/","title":{"rendered":"With an eye on the 2014 World Cup, Athletico-PR announces reinforcements for the construction of the Arena da Baixada. - By Globo Esporte, 2013."},"content":{"rendered":"<figure class=\"wp-block-gallery has-nested-images columns-default is-cropped wp-block-gallery-1 is-layout-flex wp-block-gallery-is-layout-flex\">\n<figure class=\"wp-block-image size-large\"><img decoding=\"async\" width=\"759\" height=\"569\" data-id=\"4395\" data-src=\"https:\/\/luizvolpato.com\/wp-content\/uploads\/2025\/01\/globo-athletico-edited.jpg\" alt=\"\" class=\"wp-image-4395 lazyload\" data-srcset=\"https:\/\/luizvolpato.com\/wp-content\/uploads\/2025\/01\/globo-athletico-edited.jpg 759w, https:\/\/luizvolpato.com\/wp-content\/uploads\/2025\/01\/globo-athletico-edited-300x225.jpg 300w, https:\/\/luizvolpato.com\/wp-content\/uploads\/2025\/01\/globo-athletico-edited-16x12.jpg 16w\" data-sizes=\"(max-width: 759px) 100vw, 759px\" src=\"data:image\/svg+xml;base64,PHN2ZyB3aWR0aD0iMSIgaGVpZ2h0PSIxIiB4bWxucz0iaHR0cDovL3d3dy53My5vcmcvMjAwMC9zdmciPjwvc3ZnPg==\" style=\"--smush-placeholder-width: 759px; --smush-placeholder-aspect-ratio: 759\/569;\" \/><\/figure>\n<\/figure>\n\n\n\n<p><\/p>\n\n\n\n<p>\"With an eye on the 2014 World Cup, Atl\u00e9tico-PR announces reinforcements for completion works at the Arena da Baixada. Architect and civil engineer Luiz Volpato is the club's new construction director...\"<\/p>\n\n\n\n<p><\/p>\n\n\n\n<p>Read the full story at:<\/p>\n\n\n\n<p><a href=\"https:\/\/ge.globo.com\/pr\/futebol\/times\/atletico-pr\/noticia\/2013\/01\/genro-do-presidente-luiz-volpato-e-novo-diretor-construtor-do-atletico-pr.html\"><strong>https:\/\/ge.globo.com\/pr\/futebol\/times\/atletico-pr\/noticia\/2013\/01\/genro-do-presidente-luiz-volpato-e-novo-diretor-construtor-do-atletico-pr.ht<\/strong><\/a><strong><a href=\"https:\/\/ge.globo.com\/pr\/futebol\/times\/atletico-pr\/noticia\/2013\/01\/genro-do-presidente-luiz-volpato-e-novo-diretor-construtor-do-atletico-pr.html\" target=\"_blank\" rel=\"noreferrer noopener\">ml<\/a><\/strong><\/p>","protected":false},"excerpt":{"rendered":"<p>\"With an eye on the 2014 World Cup, Atl\u00e9tico-PR announces reinforcements for completion works at the Arena da Baixada. Architect and civil engineer Luiz Volpato is the club's new construction director...\" Read the full story at: https:\/\/ge.globo.com\/pr\/futebol\/times\/atletico-pr\/noticia\/2013\/01\/genro-do-presidente-luiz-volpato-e-novo-diretor-construtor-do-atletico-pr.html<\/p>","protected":false},"author":6,"featured_media":4395,"comment_status":"open","ping_status":"open","sticky":false,"template":"","format":"standard","meta":{"_acf_changed":false,"footnotes":""},"categories":[1],"tags":[],"class_list":["post-4393","post","type-post","status-publish","format-standard","has-post-thumbnail","hentry","category-sem-categoria"],"acf":[],"yoast_head":"<!-- This site is optimized with the Yoast SEO plugin v25.4 - https:\/\/yoast.com\/wordpress\/plugins\/seo\/ -->\n<title>De olho na Copa do Mundo de 2014, Athletico-PR anuncia refor\u00e7o para obras de constru\u00e7\u00e3o da Arena da Baixada. - Por Globo Esporte, 2013. - Luiz Volpato Arquitetura<\/title>\n<meta name=\"description\" content=\"De olho na Copa do Mundo de 2014, Athletico-PR anuncia refor\u00e7o para obras de constru\u00e7\u00e3o da Arena da Baixada. - Por Globo Esporte, 2013.\" \/>\n<meta name=\"robots\" content=\"index, follow, max-snippet:-1, max-image-preview:large, max-video-preview:-1\" \/>\n<link rel=\"canonical\" href=\"https:\/\/luizvolpato.com\/en\/de-olho-na-copa-do-mundo-de-2014-athletico-pr-anuncia-reforco-para-obras-de-construcao-da-arena-da-baixada-por-globo-esporte-2013\/\" \/>\n<meta property=\"og:locale\" content=\"en_US\" \/>\n<meta property=\"og:type\" content=\"article\" \/>\n<meta property=\"og:title\" content=\"De olho na Copa do Mundo de 2014, Athletico-PR anuncia refor\u00e7o para obras de constru\u00e7\u00e3o da Arena da Baixada. - Por Globo Esporte, 2013. - Luiz Volpato Arquitetura\" \/>\n<meta property=\"og:description\" content=\"De olho na Copa do Mundo de 2014, Athletico-PR anuncia refor\u00e7o para obras de constru\u00e7\u00e3o da Arena da Baixada. - Por Globo Esporte, 2013.\" \/>\n<meta property=\"og:url\" content=\"https:\/\/luizvolpato.com\/en\/de-olho-na-copa-do-mundo-de-2014-athletico-pr-anuncia-reforco-para-obras-de-construcao-da-arena-da-baixada-por-globo-esporte-2013\/\" \/>\n<meta property=\"og:site_name\" content=\"Luiz Volpato Arquitetura\" \/>\n<meta property=\"article:published_time\" content=\"2025-01-10T20:18:27+00:00\" \/>\n<meta property=\"article:modified_time\" content=\"2025-01-14T13:50:48+00:00\" \/>\n<meta property=\"og:image\" content=\"https:\/\/luizvolpato.com\/wp-content\/uploads\/2025\/01\/globo-athletico-edited.jpg\" \/>\n\t<meta property=\"og:image:width\" content=\"759\" \/>\n\t<meta property=\"og:image:height\" content=\"569\" \/>\n\t<meta property=\"og:image:type\" content=\"image\/jpeg\" \/>\n<meta name=\"author\" content=\"Midia LVArq\" \/>\n<meta name=\"twitter:card\" content=\"summary_large_image\" \/>\n<meta name=\"twitter:label1\" content=\"Written by\" \/>\n\t<meta name=\"twitter:data1\" content=\"Midia LVArq\" \/>\n\t<meta name=\"twitter:label2\" content=\"Est. reading time\" \/>\n\t<meta name=\"twitter:data2\" content=\"1 minute\" \/>\n<script type=\"application\/ld+json\" class=\"yoast-schema-graph\">{\"@context\":\"https:\/\/schema.org\",\"@graph\":[{\"@type\":\"WebPage\",\"@id\":\"https:\/\/luizvolpato.com\/de-olho-na-copa-do-mundo-de-2014-athletico-pr-anuncia-reforco-para-obras-de-construcao-da-arena-da-baixada-por-globo-esporte-2013\/\",\"url\":\"https:\/\/luizvolpato.com\/de-olho-na-copa-do-mundo-de-2014-athletico-pr-anuncia-reforco-para-obras-de-construcao-da-arena-da-baixada-por-globo-esporte-2013\/\",\"name\":\"De olho na Copa do Mundo de 2014, Athletico-PR anuncia refor\u00e7o para obras de constru\u00e7\u00e3o da Arena da Baixada. - Por Globo Esporte, 2013. - Luiz Volpato Arquitetura\",\"isPartOf\":{\"@id\":\"https:\/\/luizvolpato.com\/#website\"},\"primaryImageOfPage\":{\"@id\":\"https:\/\/luizvolpato.com\/de-olho-na-copa-do-mundo-de-2014-athletico-pr-anuncia-reforco-para-obras-de-construcao-da-arena-da-baixada-por-globo-esporte-2013\/#primaryimage\"},\"image\":{\"@id\":\"https:\/\/luizvolpato.com\/de-olho-na-copa-do-mundo-de-2014-athletico-pr-anuncia-reforco-para-obras-de-construcao-da-arena-da-baixada-por-globo-esporte-2013\/#primaryimage\"},\"thumbnailUrl\":\"https:\/\/luizvolpato.com\/wp-content\/uploads\/2025\/01\/globo-athletico-edited.jpg\",\"datePublished\":\"2025-01-10T20:18:27+00:00\",\"dateModified\":\"2025-01-14T13:50:48+00:00\",\"author\":{\"@id\":\"https:\/\/luizvolpato.com\/#\/schema\/person\/b7360306d98aafd274d143273904240c\"},\"description\":\"De olho na Copa do Mundo de 2014, Athletico-PR anuncia refor\u00e7o para obras de constru\u00e7\u00e3o da Arena da Baixada. - Por Globo Esporte, 2013.\",\"breadcrumb\":{\"@id\":\"https:\/\/luizvolpato.com\/de-olho-na-copa-do-mundo-de-2014-athletico-pr-anuncia-reforco-para-obras-de-construcao-da-arena-da-baixada-por-globo-esporte-2013\/#breadcrumb\"},\"inLanguage\":\"en-US\",\"potentialAction\":[{\"@type\":\"ReadAction\",\"target\":[\"https:\/\/luizvolpato.com\/de-olho-na-copa-do-mundo-de-2014-athletico-pr-anuncia-reforco-para-obras-de-construcao-da-arena-da-baixada-por-globo-esporte-2013\/\"]}]},{\"@type\":\"ImageObject\",\"inLanguage\":\"en-US\",\"@id\":\"https:\/\/luizvolpato.com\/de-olho-na-copa-do-mundo-de-2014-athletico-pr-anuncia-reforco-para-obras-de-construcao-da-arena-da-baixada-por-globo-esporte-2013\/#primaryimage\",\"url\":\"https:\/\/luizvolpato.com\/wp-content\/uploads\/2025\/01\/globo-athletico-edited.jpg\",\"contentUrl\":\"https:\/\/luizvolpato.com\/wp-content\/uploads\/2025\/01\/globo-athletico-edited.jpg\",\"width\":759,\"height\":569,\"caption\":\"Captura de tela da reportagem intitulada \\\"Genro do presidente, Luiz Volpato \u00e9 novo diretor construtor do Atl\u00e9tico-PR\\\" da Globo Sporte. Discute a nomea\u00e7\u00e3o de Luiz Volpato, destacando seu trabalho n\u00e3o remunerado e envolvimento anterior na constru\u00e7\u00e3o de est\u00e1dios. Inclui imagem de Luiz Volpato com camisa xadrez. - Luiz Volpato Arquitetura\"},{\"@type\":\"BreadcrumbList\",\"@id\":\"https:\/\/luizvolpato.com\/de-olho-na-copa-do-mundo-de-2014-athletico-pr-anuncia-reforco-para-obras-de-construcao-da-arena-da-baixada-por-globo-esporte-2013\/#breadcrumb\",\"itemListElement\":[{\"@type\":\"ListItem\",\"position\":1,\"name\":\"In\u00edcio\",\"item\":\"https:\/\/luizvolpato.com\/\"},{\"@type\":\"ListItem\",\"position\":2,\"name\":\"De olho na Copa do Mundo de 2014, Athletico-PR anuncia refor\u00e7o para obras de constru\u00e7\u00e3o da Arena da Baixada. &#8211; Por Globo Esporte, 2013.\"}]},{\"@type\":\"WebSite\",\"@id\":\"https:\/\/luizvolpato.com\/#website\",\"url\":\"https:\/\/luizvolpato.com\/\",\"name\":\"Luiz Volpato Arquitetura\",\"description\":\"\",\"potentialAction\":[{\"@type\":\"SearchAction\",\"target\":{\"@type\":\"EntryPoint\",\"urlTemplate\":\"https:\/\/luizvolpato.com\/?s={search_term_string}\"},\"query-input\":{\"@type\":\"PropertyValueSpecification\",\"valueRequired\":true,\"valueName\":\"search_term_string\"}}],\"inLanguage\":\"en-US\"},{\"@type\":\"Person\",\"@id\":\"https:\/\/luizvolpato.com\/#\/schema\/person\/b7360306d98aafd274d143273904240c\",\"name\":\"Midia LVArq\",\"image\":{\"@type\":\"ImageObject\",\"inLanguage\":\"en-US\",\"@id\":\"https:\/\/luizvolpato.com\/#\/schema\/person\/image\/\",\"url\":\"https:\/\/secure.gravatar.com\/avatar\/05a48b3795c07ab201a01968727560149bfbea42f991929edd860d5c666bf24a?s=96&d=mm&r=g\",\"contentUrl\":\"https:\/\/secure.gravatar.com\/avatar\/05a48b3795c07ab201a01968727560149bfbea42f991929edd860d5c666bf24a?s=96&d=mm&r=g\",\"caption\":\"Midia LVArq\"}}]}<\/script>\n<!-- \/ Yoast SEO plugin. -->","yoast_head_json":{"title":"De olho na Copa do Mundo de 2014, Athletico-PR anuncia refor\u00e7o para obras de constru\u00e7\u00e3o da Arena da Baixada. - Por Globo Esporte, 2013. - Luiz Volpato Arquitetura","description":"De olho na Copa do Mundo de 2014, Athletico-PR anuncia refor\u00e7o para obras de constru\u00e7\u00e3o da Arena da Baixada. - Por Globo Esporte, 2013.","robots":{"index":"index","follow":"follow","max-snippet":"max-snippet:-1","max-image-preview":"max-image-preview:large","max-video-preview":"max-video-preview:-1"},"canonical":"https:\/\/luizvolpato.com\/en\/de-olho-na-copa-do-mundo-de-2014-athletico-pr-anuncia-reforco-para-obras-de-construcao-da-arena-da-baixada-por-globo-esporte-2013\/","og_locale":"en_US","og_type":"article","og_title":"De olho na Copa do Mundo de 2014, Athletico-PR anuncia refor\u00e7o para obras de constru\u00e7\u00e3o da Arena da Baixada. - Por Globo Esporte, 2013. - Luiz Volpato Arquitetura","og_description":"De olho na Copa do Mundo de 2014, Athletico-PR anuncia refor\u00e7o para obras de constru\u00e7\u00e3o da Arena da Baixada. - Por Globo Esporte, 2013.","og_url":"https:\/\/luizvolpato.com\/en\/de-olho-na-copa-do-mundo-de-2014-athletico-pr-anuncia-reforco-para-obras-de-construcao-da-arena-da-baixada-por-globo-esporte-2013\/","og_site_name":"Luiz Volpato Arquitetura","article_published_time":"2025-01-10T20:18:27+00:00","article_modified_time":"2025-01-14T13:50:48+00:00","og_image":[{"width":759,"height":569,"url":"https:\/\/luizvolpato.com\/wp-content\/uploads\/2025\/01\/globo-athletico-edited.jpg","type":"image\/jpeg"}],"author":"Midia LVArq","twitter_card":"summary_large_image","twitter_misc":{"Written by":"Midia LVArq","Est. reading time":"1 minute"},"schema":{"@context":"https:\/\/schema.org","@graph":[{"@type":"WebPage","@id":"https:\/\/luizvolpato.com\/de-olho-na-copa-do-mundo-de-2014-athletico-pr-anuncia-reforco-para-obras-de-construcao-da-arena-da-baixada-por-globo-esporte-2013\/","url":"https:\/\/luizvolpato.com\/de-olho-na-copa-do-mundo-de-2014-athletico-pr-anuncia-reforco-para-obras-de-construcao-da-arena-da-baixada-por-globo-esporte-2013\/","name":"De olho na Copa do Mundo de 2014, Athletico-PR anuncia refor\u00e7o para obras de constru\u00e7\u00e3o da Arena da Baixada. - Por Globo Esporte, 2013. - Luiz Volpato Arquitetura","isPartOf":{"@id":"https:\/\/luizvolpato.com\/#website"},"primaryImageOfPage":{"@id":"https:\/\/luizvolpato.com\/de-olho-na-copa-do-mundo-de-2014-athletico-pr-anuncia-reforco-para-obras-de-construcao-da-arena-da-baixada-por-globo-esporte-2013\/#primaryimage"},"image":{"@id":"https:\/\/luizvolpato.com\/de-olho-na-copa-do-mundo-de-2014-athletico-pr-anuncia-reforco-para-obras-de-construcao-da-arena-da-baixada-por-globo-esporte-2013\/#primaryimage"},"thumbnailUrl":"https:\/\/luizvolpato.com\/wp-content\/uploads\/2025\/01\/globo-athletico-edited.jpg","datePublished":"2025-01-10T20:18:27+00:00","dateModified":"2025-01-14T13:50:48+00:00","author":{"@id":"https:\/\/luizvolpato.com\/#\/schema\/person\/b7360306d98aafd274d143273904240c"},"description":"De olho na Copa do Mundo de 2014, Athletico-PR anuncia refor\u00e7o para obras de constru\u00e7\u00e3o da Arena da Baixada. - Por Globo Esporte, 2013.","breadcrumb":{"@id":"https:\/\/luizvolpato.com\/de-olho-na-copa-do-mundo-de-2014-athletico-pr-anuncia-reforco-para-obras-de-construcao-da-arena-da-baixada-por-globo-esporte-2013\/#breadcrumb"},"inLanguage":"en-US","potentialAction":[{"@type":"ReadAction","target":["https:\/\/luizvolpato.com\/de-olho-na-copa-do-mundo-de-2014-athletico-pr-anuncia-reforco-para-obras-de-construcao-da-arena-da-baixada-por-globo-esporte-2013\/"]}]},{"@type":"ImageObject","inLanguage":"en-US","@id":"https:\/\/luizvolpato.com\/de-olho-na-copa-do-mundo-de-2014-athletico-pr-anuncia-reforco-para-obras-de-construcao-da-arena-da-baixada-por-globo-esporte-2013\/#primaryimage","url":"https:\/\/luizvolpato.com\/wp-content\/uploads\/2025\/01\/globo-athletico-edited.jpg","contentUrl":"https:\/\/luizvolpato.com\/wp-content\/uploads\/2025\/01\/globo-athletico-edited.jpg","width":759,"height":569,"caption":"Captura de tela da reportagem intitulada \"Genro do presidente, Luiz Volpato \u00e9 novo diretor construtor do Atl\u00e9tico-PR\" da Globo Sporte. Discute a nomea\u00e7\u00e3o de Luiz Volpato, destacando seu trabalho n\u00e3o remunerado e envolvimento anterior na constru\u00e7\u00e3o de est\u00e1dios. Inclui imagem de Luiz Volpato com camisa xadrez. - Luiz Volpato Arquitetura"},{"@type":"BreadcrumbList","@id":"https:\/\/luizvolpato.com\/de-olho-na-copa-do-mundo-de-2014-athletico-pr-anuncia-reforco-para-obras-de-construcao-da-arena-da-baixada-por-globo-esporte-2013\/#breadcrumb","itemListElement":[{"@type":"ListItem","position":1,"name":"In\u00edcio","item":"https:\/\/luizvolpato.com\/"},{"@type":"ListItem","position":2,"name":"De olho na Copa do Mundo de 2014, Athletico-PR anuncia refor\u00e7o para obras de constru\u00e7\u00e3o da Arena da Baixada. &#8211; Por Globo Esporte, 2013."}]},{"@type":"WebSite","@id":"https:\/\/luizvolpato.com\/#website","url":"https:\/\/luizvolpato.com\/","name":"Luiz Volpato Arquitetura","description":"","potentialAction":[{"@type":"SearchAction","target":{"@type":"EntryPoint","urlTemplate":"https:\/\/luizvolpato.com\/?s={search_term_string}"},"query-input":{"@type":"PropertyValueSpecification","valueRequired":true,"valueName":"search_term_string"}}],"inLanguage":"en-US"},{"@type":"Person","@id":"https:\/\/luizvolpato.com\/#\/schema\/person\/b7360306d98aafd274d143273904240c","name":"Midia LVArq","image":{"@type":"ImageObject","inLanguage":"en-US","@id":"https:\/\/luizvolpato.com\/#\/schema\/person\/image\/","url":"https:\/\/secure.gravatar.com\/avatar\/05a48b3795c07ab201a01968727560149bfbea42f991929edd860d5c666bf24a?s=96&d=mm&r=g","contentUrl":"https:\/\/secure.gravatar.com\/avatar\/05a48b3795c07ab201a01968727560149bfbea42f991929edd860d5c666bf24a?s=96&d=mm&r=g","caption":"Midia LVArq"}}]}},"_links":{"self":[{"href":"https:\/\/luizvolpato.com\/en\/wp-json\/wp\/v2\/posts\/4393","targetHints":{"allow":["GET"]}}],"collection":[{"href":"https:\/\/luizvolpato.com\/en\/wp-json\/wp\/v2\/posts"}],"about":[{"href":"https:\/\/luizvolpato.com\/en\/wp-json\/wp\/v2\/types\/post"}],"author":[{"embeddable":true,"href":"https:\/\/luizvolpato.com\/en\/wp-json\/wp\/v2\/users\/6"}],"replies":[{"embeddable":true,"href":"https:\/\/luizvolpato.com\/en\/wp-json\/wp\/v2\/comments?post=4393"}],"version-history":[{"count":2,"href":"https:\/\/luizvolpato.com\/en\/wp-json\/wp\/v2\/posts\/4393\/revisions"}],"predecessor-version":[{"id":4474,"href":"https:\/\/luizvolpato.com\/en\/wp-json\/wp\/v2\/posts\/4393\/revisions\/4474"}],"wp:featuredmedia":[{"embeddable":true,"href":"https:\/\/luizvolpato.com\/en\/wp-json\/wp\/v2\/media\/4395"}],"wp:attachment":[{"href":"https:\/\/luizvolpato.com\/en\/wp-json\/wp\/v2\/media?parent=4393"}],"wp:term":[{"taxonomy":"category","embeddable":true,"href":"https:\/\/luizvolpato.com\/en\/wp-json\/wp\/v2\/categories?post=4393"},{"taxonomy":"post_tag","embeddable":true,"href":"https:\/\/luizvolpato.com\/en\/wp-json\/wp\/v2\/tags?post=4393"}],"curies":[{"name":"wp","href":"https:\/\/api.w.org\/{rel}","templated":true}]}}