{"id":4377,"date":"2025-01-10T15:33:28","date_gmt":"2025-01-10T18:33:28","guid":{"rendered":"https:\/\/luizvolpato.com\/?p=4377"},"modified":"2025-01-14T10:52:35","modified_gmt":"2025-01-14T13:52:35","slug":"liga-mundial-de-volei-fivb-na-ligga-arena-em-curitiba-por-andre-pugliesi","status":"publish","type":"post","link":"https:\/\/luizvolpato.com\/en\/liga-mundial-de-volei-fivb-na-ligga-arena-em-curitiba-por-andre-pugliesi\/","title":{"rendered":"FIVB Volleyball World League at the Ligga Arena in Curitiba - By Andr\u00e9 Pugliesi"},"content":{"rendered":"<figure class=\"wp-block-gallery has-nested-images columns-default is-cropped wp-block-gallery-1 is-layout-flex wp-block-gallery-is-layout-flex\">\n<figure class=\"wp-block-image size-large\"><img decoding=\"async\" width=\"1024\" height=\"724\" data-id=\"4378\" data-src=\"https:\/\/luizvolpato.com\/wp-content\/uploads\/2025\/01\/liga-1024x724.jpg\" alt=\"O evento faz parte da Liga Mundial, conforme observado na manchete em portugu\u00eas. - Luiz Volpato Arquitetura\" class=\"wp-image-4378 lazyload\" src=\"data:image\/svg+xml;base64,PHN2ZyB3aWR0aD0iMSIgaGVpZ2h0PSIxIiB4bWxucz0iaHR0cDovL3d3dy53My5vcmcvMjAwMC9zdmciPjwvc3ZnPg==\" style=\"--smush-placeholder-width: 1024px; --smush-placeholder-aspect-ratio: 1024\/724;\" \/><\/figure>\n<\/figure>\n\n\n\n<p><\/p>\n\n\n\n<p>\"Luiz Volpato, Atl\u00e9tico's project director, is involved on two fronts in the staging of the Volleyball World League at the Arena. At the same time as being responsible for the club's operation of the event, Volpato's office designed the project and coordinated the structure installed in the stadium for the international competition.\"<\/p>\n\n\n\n<p>Full story: <\/p>\n\n\n\n<p><a href=\"https:\/\/www.gazetadopovo.com.br\/vozes\/memoria-futebol-clube\/diretor-atletico-liga-mundial-volei-arena\/\"><strong>https:\/\/www.gazetadopovo.com.br\/vozes\/memoria-futebol-clube\/diretor-atletico-liga-mundial-volei-are<\/strong><\/a><strong><a href=\"https:\/\/www.gazetadopovo.com.br\/vozes\/memoria-futebol-clube\/diretor-atletico-liga-mundial-volei-arena\/\" target=\"_blank\" rel=\"noreferrer noopener\">in\/<\/a><\/strong><\/p>\n\n\n\n<p><\/p>","protected":false},"excerpt":{"rendered":"<p>\"Luiz Volpato, Atl\u00e9tico's project director, is involved on two fronts in the staging of the Volleyball World League at the Arena. At the same time as being responsible for the club's operation of the event, Volpato's office designed the project and coordinated the structure installed in the stadium for the international competition.\" [...]<\/p>","protected":false},"author":6,"featured_media":4378,"comment_status":"open","ping_status":"open","sticky":false,"template":"","format":"standard","meta":{"_acf_changed":false,"footnotes":""},"categories":[1],"tags":[],"class_list":["post-4377","post","type-post","status-publish","format-standard","has-post-thumbnail","hentry","category-sem-categoria"],"acf":[],"yoast_head":"<!-- This site is optimized with the Yoast SEO plugin v25.4 - https:\/\/yoast.com\/wordpress\/plugins\/seo\/ -->\n<title>Liga Mundial de V\u00f4lei - FIVB, na Ligga Arena em Curitiba - Por Andr\u00e9 Pugliesi - Luiz Volpato Arquitetura<\/title>\n<meta name=\"description\" content=\"Liga Mundial de V\u00f4lei - FIVB, na Ligga Arena em Curitiba - Por Andr\u00e9 Pugliesi - em Luiz Volpato Arquitetura.\" \/>\n<meta name=\"robots\" content=\"index, follow, max-snippet:-1, max-image-preview:large, max-video-preview:-1\" \/>\n<link rel=\"canonical\" href=\"https:\/\/luizvolpato.com\/en\/liga-mundial-de-volei-fivb-na-ligga-arena-em-curitiba-por-andre-pugliesi\/\" \/>\n<meta property=\"og:locale\" content=\"en_US\" \/>\n<meta property=\"og:type\" content=\"article\" \/>\n<meta property=\"og:title\" content=\"Liga Mundial de V\u00f4lei - FIVB, na Ligga Arena em Curitiba - Por Andr\u00e9 Pugliesi - Luiz Volpato Arquitetura\" \/>\n<meta property=\"og:description\" content=\"Liga Mundial de V\u00f4lei - FIVB, na Ligga Arena em Curitiba - Por Andr\u00e9 Pugliesi - em Luiz Volpato Arquitetura.\" \/>\n<meta property=\"og:url\" content=\"https:\/\/luizvolpato.com\/en\/liga-mundial-de-volei-fivb-na-ligga-arena-em-curitiba-por-andre-pugliesi\/\" \/>\n<meta property=\"og:site_name\" content=\"Luiz Volpato Arquitetura\" \/>\n<meta property=\"article:published_time\" content=\"2025-01-10T18:33:28+00:00\" \/>\n<meta property=\"article:modified_time\" content=\"2025-01-14T13:52:35+00:00\" \/>\n<meta property=\"og:image\" content=\"https:\/\/luizvolpato.com\/wp-content\/uploads\/2025\/01\/liga-e1736533992625.jpg\" \/>\n\t<meta property=\"og:image:width\" content=\"853\" \/>\n\t<meta property=\"og:image:height\" content=\"716\" \/>\n\t<meta property=\"og:image:type\" content=\"image\/jpeg\" \/>\n<meta name=\"author\" content=\"Midia LVArq\" \/>\n<meta name=\"twitter:card\" content=\"summary_large_image\" \/>\n<meta name=\"twitter:label1\" content=\"Written by\" \/>\n\t<meta name=\"twitter:data1\" content=\"Midia LVArq\" \/>\n\t<meta name=\"twitter:label2\" content=\"Est. reading time\" \/>\n\t<meta name=\"twitter:data2\" content=\"1 minute\" \/>\n<script type=\"application\/ld+json\" class=\"yoast-schema-graph\">{\"@context\":\"https:\/\/schema.org\",\"@graph\":[{\"@type\":\"WebPage\",\"@id\":\"https:\/\/luizvolpato.com\/liga-mundial-de-volei-fivb-na-ligga-arena-em-curitiba-por-andre-pugliesi\/\",\"url\":\"https:\/\/luizvolpato.com\/liga-mundial-de-volei-fivb-na-ligga-arena-em-curitiba-por-andre-pugliesi\/\",\"name\":\"Liga Mundial de V\u00f4lei - FIVB, na Ligga Arena em Curitiba - Por Andr\u00e9 Pugliesi - Luiz Volpato Arquitetura\",\"isPartOf\":{\"@id\":\"https:\/\/luizvolpato.com\/#website\"},\"primaryImageOfPage\":{\"@id\":\"https:\/\/luizvolpato.com\/liga-mundial-de-volei-fivb-na-ligga-arena-em-curitiba-por-andre-pugliesi\/#primaryimage\"},\"image\":{\"@id\":\"https:\/\/luizvolpato.com\/liga-mundial-de-volei-fivb-na-ligga-arena-em-curitiba-por-andre-pugliesi\/#primaryimage\"},\"thumbnailUrl\":\"https:\/\/luizvolpato.com\/wp-content\/uploads\/2025\/01\/liga-e1736533992625.jpg\",\"datePublished\":\"2025-01-10T18:33:28+00:00\",\"dateModified\":\"2025-01-14T13:52:35+00:00\",\"author\":{\"@id\":\"https:\/\/luizvolpato.com\/#\/schema\/person\/b7360306d98aafd274d143273904240c\"},\"description\":\"Liga Mundial de V\u00f4lei - FIVB, na Ligga Arena em Curitiba - Por Andr\u00e9 Pugliesi - em Luiz Volpato Arquitetura.\",\"breadcrumb\":{\"@id\":\"https:\/\/luizvolpato.com\/liga-mundial-de-volei-fivb-na-ligga-arena-em-curitiba-por-andre-pugliesi\/#breadcrumb\"},\"inLanguage\":\"en-US\",\"potentialAction\":[{\"@type\":\"ReadAction\",\"target\":[\"https:\/\/luizvolpato.com\/liga-mundial-de-volei-fivb-na-ligga-arena-em-curitiba-por-andre-pugliesi\/\"]}]},{\"@type\":\"ImageObject\",\"inLanguage\":\"en-US\",\"@id\":\"https:\/\/luizvolpato.com\/liga-mundial-de-volei-fivb-na-ligga-arena-em-curitiba-por-andre-pugliesi\/#primaryimage\",\"url\":\"https:\/\/luizvolpato.com\/wp-content\/uploads\/2025\/01\/liga-e1736533992625.jpg\",\"contentUrl\":\"https:\/\/luizvolpato.com\/wp-content\/uploads\/2025\/01\/liga-e1736533992625.jpg\",\"width\":853,\"height\":716,\"caption\":\"Uma partida de v\u00f4lei est\u00e1 acontecendo em uma grande arena coberta com piso azul. Espectadores enchem as arquibancadas, vestindo camisas amarelas, enquanto algumas pessoas est\u00e3o na quadra. O placar a\u00e9reo mostra detalhes do jogo em andamento. O evento faz parte da Liga Mundial, conforme observado na manchete em portugu\u00eas. - Luiz Volpato Arquitetura\"},{\"@type\":\"BreadcrumbList\",\"@id\":\"https:\/\/luizvolpato.com\/liga-mundial-de-volei-fivb-na-ligga-arena-em-curitiba-por-andre-pugliesi\/#breadcrumb\",\"itemListElement\":[{\"@type\":\"ListItem\",\"position\":1,\"name\":\"In\u00edcio\",\"item\":\"https:\/\/luizvolpato.com\/\"},{\"@type\":\"ListItem\",\"position\":2,\"name\":\"Liga Mundial de V\u00f4lei &#8211; FIVB, na Ligga Arena em Curitiba &#8211; Por Andr\u00e9 Pugliesi\"}]},{\"@type\":\"WebSite\",\"@id\":\"https:\/\/luizvolpato.com\/#website\",\"url\":\"https:\/\/luizvolpato.com\/\",\"name\":\"Luiz Volpato Arquitetura\",\"description\":\"\",\"potentialAction\":[{\"@type\":\"SearchAction\",\"target\":{\"@type\":\"EntryPoint\",\"urlTemplate\":\"https:\/\/luizvolpato.com\/?s={search_term_string}\"},\"query-input\":{\"@type\":\"PropertyValueSpecification\",\"valueRequired\":true,\"valueName\":\"search_term_string\"}}],\"inLanguage\":\"en-US\"},{\"@type\":\"Person\",\"@id\":\"https:\/\/luizvolpato.com\/#\/schema\/person\/b7360306d98aafd274d143273904240c\",\"name\":\"Midia LVArq\",\"image\":{\"@type\":\"ImageObject\",\"inLanguage\":\"en-US\",\"@id\":\"https:\/\/luizvolpato.com\/#\/schema\/person\/image\/\",\"url\":\"https:\/\/secure.gravatar.com\/avatar\/05a48b3795c07ab201a01968727560149bfbea42f991929edd860d5c666bf24a?s=96&d=mm&r=g\",\"contentUrl\":\"https:\/\/secure.gravatar.com\/avatar\/05a48b3795c07ab201a01968727560149bfbea42f991929edd860d5c666bf24a?s=96&d=mm&r=g\",\"caption\":\"Midia LVArq\"}}]}<\/script>\n<!-- \/ Yoast SEO plugin. -->","yoast_head_json":{"title":"Liga Mundial de V\u00f4lei - FIVB, na Ligga Arena em Curitiba - Por Andr\u00e9 Pugliesi - Luiz Volpato Arquitetura","description":"Liga Mundial de V\u00f4lei - FIVB, na Ligga Arena em Curitiba - Por Andr\u00e9 Pugliesi - em Luiz Volpato Arquitetura.","robots":{"index":"index","follow":"follow","max-snippet":"max-snippet:-1","max-image-preview":"max-image-preview:large","max-video-preview":"max-video-preview:-1"},"canonical":"https:\/\/luizvolpato.com\/en\/liga-mundial-de-volei-fivb-na-ligga-arena-em-curitiba-por-andre-pugliesi\/","og_locale":"en_US","og_type":"article","og_title":"Liga Mundial de V\u00f4lei - FIVB, na Ligga Arena em Curitiba - Por Andr\u00e9 Pugliesi - Luiz Volpato Arquitetura","og_description":"Liga Mundial de V\u00f4lei - FIVB, na Ligga Arena em Curitiba - Por Andr\u00e9 Pugliesi - em Luiz Volpato Arquitetura.","og_url":"https:\/\/luizvolpato.com\/en\/liga-mundial-de-volei-fivb-na-ligga-arena-em-curitiba-por-andre-pugliesi\/","og_site_name":"Luiz Volpato Arquitetura","article_published_time":"2025-01-10T18:33:28+00:00","article_modified_time":"2025-01-14T13:52:35+00:00","og_image":[{"width":853,"height":716,"url":"https:\/\/luizvolpato.com\/wp-content\/uploads\/2025\/01\/liga-e1736533992625.jpg","type":"image\/jpeg"}],"author":"Midia LVArq","twitter_card":"summary_large_image","twitter_misc":{"Written by":"Midia LVArq","Est. reading time":"1 minute"},"schema":{"@context":"https:\/\/schema.org","@graph":[{"@type":"WebPage","@id":"https:\/\/luizvolpato.com\/liga-mundial-de-volei-fivb-na-ligga-arena-em-curitiba-por-andre-pugliesi\/","url":"https:\/\/luizvolpato.com\/liga-mundial-de-volei-fivb-na-ligga-arena-em-curitiba-por-andre-pugliesi\/","name":"Liga Mundial de V\u00f4lei - FIVB, na Ligga Arena em Curitiba - Por Andr\u00e9 Pugliesi - Luiz Volpato Arquitetura","isPartOf":{"@id":"https:\/\/luizvolpato.com\/#website"},"primaryImageOfPage":{"@id":"https:\/\/luizvolpato.com\/liga-mundial-de-volei-fivb-na-ligga-arena-em-curitiba-por-andre-pugliesi\/#primaryimage"},"image":{"@id":"https:\/\/luizvolpato.com\/liga-mundial-de-volei-fivb-na-ligga-arena-em-curitiba-por-andre-pugliesi\/#primaryimage"},"thumbnailUrl":"https:\/\/luizvolpato.com\/wp-content\/uploads\/2025\/01\/liga-e1736533992625.jpg","datePublished":"2025-01-10T18:33:28+00:00","dateModified":"2025-01-14T13:52:35+00:00","author":{"@id":"https:\/\/luizvolpato.com\/#\/schema\/person\/b7360306d98aafd274d143273904240c"},"description":"Liga Mundial de V\u00f4lei - FIVB, na Ligga Arena em Curitiba - Por Andr\u00e9 Pugliesi - em Luiz Volpato Arquitetura.","breadcrumb":{"@id":"https:\/\/luizvolpato.com\/liga-mundial-de-volei-fivb-na-ligga-arena-em-curitiba-por-andre-pugliesi\/#breadcrumb"},"inLanguage":"en-US","potentialAction":[{"@type":"ReadAction","target":["https:\/\/luizvolpato.com\/liga-mundial-de-volei-fivb-na-ligga-arena-em-curitiba-por-andre-pugliesi\/"]}]},{"@type":"ImageObject","inLanguage":"en-US","@id":"https:\/\/luizvolpato.com\/liga-mundial-de-volei-fivb-na-ligga-arena-em-curitiba-por-andre-pugliesi\/#primaryimage","url":"https:\/\/luizvolpato.com\/wp-content\/uploads\/2025\/01\/liga-e1736533992625.jpg","contentUrl":"https:\/\/luizvolpato.com\/wp-content\/uploads\/2025\/01\/liga-e1736533992625.jpg","width":853,"height":716,"caption":"Uma partida de v\u00f4lei est\u00e1 acontecendo em uma grande arena coberta com piso azul. Espectadores enchem as arquibancadas, vestindo camisas amarelas, enquanto algumas pessoas est\u00e3o na quadra. O placar a\u00e9reo mostra detalhes do jogo em andamento. O evento faz parte da Liga Mundial, conforme observado na manchete em portugu\u00eas. - Luiz Volpato Arquitetura"},{"@type":"BreadcrumbList","@id":"https:\/\/luizvolpato.com\/liga-mundial-de-volei-fivb-na-ligga-arena-em-curitiba-por-andre-pugliesi\/#breadcrumb","itemListElement":[{"@type":"ListItem","position":1,"name":"In\u00edcio","item":"https:\/\/luizvolpato.com\/"},{"@type":"ListItem","position":2,"name":"Liga Mundial de V\u00f4lei &#8211; FIVB, na Ligga Arena em Curitiba &#8211; Por Andr\u00e9 Pugliesi"}]},{"@type":"WebSite","@id":"https:\/\/luizvolpato.com\/#website","url":"https:\/\/luizvolpato.com\/","name":"Luiz Volpato Arquitetura","description":"","potentialAction":[{"@type":"SearchAction","target":{"@type":"EntryPoint","urlTemplate":"https:\/\/luizvolpato.com\/?s={search_term_string}"},"query-input":{"@type":"PropertyValueSpecification","valueRequired":true,"valueName":"search_term_string"}}],"inLanguage":"en-US"},{"@type":"Person","@id":"https:\/\/luizvolpato.com\/#\/schema\/person\/b7360306d98aafd274d143273904240c","name":"Midia LVArq","image":{"@type":"ImageObject","inLanguage":"en-US","@id":"https:\/\/luizvolpato.com\/#\/schema\/person\/image\/","url":"https:\/\/secure.gravatar.com\/avatar\/05a48b3795c07ab201a01968727560149bfbea42f991929edd860d5c666bf24a?s=96&d=mm&r=g","contentUrl":"https:\/\/secure.gravatar.com\/avatar\/05a48b3795c07ab201a01968727560149bfbea42f991929edd860d5c666bf24a?s=96&d=mm&r=g","caption":"Midia LVArq"}}]}},"_links":{"self":[{"href":"https:\/\/luizvolpato.com\/en\/wp-json\/wp\/v2\/posts\/4377","targetHints":{"allow":["GET"]}}],"collection":[{"href":"https:\/\/luizvolpato.com\/en\/wp-json\/wp\/v2\/posts"}],"about":[{"href":"https:\/\/luizvolpato.com\/en\/wp-json\/wp\/v2\/types\/post"}],"author":[{"embeddable":true,"href":"https:\/\/luizvolpato.com\/en\/wp-json\/wp\/v2\/users\/6"}],"replies":[{"embeddable":true,"href":"https:\/\/luizvolpato.com\/en\/wp-json\/wp\/v2\/comments?post=4377"}],"version-history":[{"count":5,"href":"https:\/\/luizvolpato.com\/en\/wp-json\/wp\/v2\/posts\/4377\/revisions"}],"predecessor-version":[{"id":4475,"href":"https:\/\/luizvolpato.com\/en\/wp-json\/wp\/v2\/posts\/4377\/revisions\/4475"}],"wp:featuredmedia":[{"embeddable":true,"href":"https:\/\/luizvolpato.com\/en\/wp-json\/wp\/v2\/media\/4378"}],"wp:attachment":[{"href":"https:\/\/luizvolpato.com\/en\/wp-json\/wp\/v2\/media?parent=4377"}],"wp:term":[{"taxonomy":"category","embeddable":true,"href":"https:\/\/luizvolpato.com\/en\/wp-json\/wp\/v2\/categories?post=4377"},{"taxonomy":"post_tag","embeddable":true,"href":"https:\/\/luizvolpato.com\/en\/wp-json\/wp\/v2\/tags?post=4377"}],"curies":[{"name":"wp","href":"https:\/\/api.w.org\/{rel}","templated":true}]}}